{"id":12814,"date":"2017-05-22T13:36:09","date_gmt":"2017-05-22T13:36:09","guid":{"rendered":"https:\/\/www.carmedeolazabal.cat\/quina-roba-portem-per-la-sessio-de-fotos-destudi\/"},"modified":"2024-06-28T16:09:29","modified_gmt":"2024-06-28T14:09:29","slug":"que-ropa-llevar-a-una-sesion-fotos","status":"publish","type":"post","link":"https:\/\/www.carmedeolazabal.cat\/es\/blog\/que-ropa-llevar-a-una-sesion-fotos\/","title":{"rendered":"\u00bfQu\u00e9 ropa llevamos a la sesi\u00f3n de fotos de estudio?"},"content":{"rendered":"<div id=\"ez-toc-container\" class=\"ez-toc-v2_0_80 ez-toc-wrap-center counter-hierarchy ez-toc-counter ez-toc-custom ez-toc-container-direction\">\n<div class=\"ez-toc-title-container\">\n<p class=\"ez-toc-title\" style=\"cursor:inherit\">Contenidos de la p\u00fablicaci\u00f3n<\/p>\n<span class=\"ez-toc-title-toggle\"><\/span><\/div>\n<nav><ul class='ez-toc-list ez-toc-list-level-1 ' ><li class='ez-toc-page-1 ez-toc-heading-level-2'><a class=\"ez-toc-link ez-toc-heading-1\" href=\"https:\/\/www.carmedeolazabal.cat\/es\/blog\/que-ropa-llevar-a-una-sesion-fotos\/#definir-la-sesion-de-fotos\" >Definir la sesi\u00f3n de fotos<\/a><\/li><li class='ez-toc-page-1 ez-toc-heading-level-2'><a class=\"ez-toc-link ez-toc-heading-2\" href=\"https:\/\/www.carmedeolazabal.cat\/es\/blog\/que-ropa-llevar-a-una-sesion-fotos\/#llevar-una-ropa-en-la-que-os-sintais-comodos\" >Llevar una ropa en la que os sint\u00e1is c\u00f3modos<\/a><\/li><li class='ez-toc-page-1 ez-toc-heading-level-2'><a class=\"ez-toc-link ez-toc-heading-3\" href=\"https:\/\/www.carmedeolazabal.cat\/es\/blog\/que-ropa-llevar-a-una-sesion-fotos\/#consejos-para-elegir-la-ropa-adecuada-para-la-sesion\" >Consejos para elegir la ropa adecuada para la sesi\u00f3n<\/a><ul class='ez-toc-list-level-3' ><li class='ez-toc-heading-level-3'><a class=\"ez-toc-link ez-toc-heading-4\" href=\"https:\/\/www.carmedeolazabal.cat\/es\/blog\/que-ropa-llevar-a-una-sesion-fotos\/#color-de-la-ropa\" >Color de la ropa<\/a><\/li><li class='ez-toc-page-1 ez-toc-heading-level-3'><a class=\"ez-toc-link ez-toc-heading-5\" href=\"https:\/\/www.carmedeolazabal.cat\/es\/blog\/que-ropa-llevar-a-una-sesion-fotos\/#combinacion-de-la-ropa\" >Combinaci\u00f3n de la ropa<\/a><\/li><li class='ez-toc-page-1 ez-toc-heading-level-3'><a class=\"ez-toc-link ez-toc-heading-6\" href=\"https:\/\/www.carmedeolazabal.cat\/es\/blog\/que-ropa-llevar-a-una-sesion-fotos\/#evitar-esto\" >Evitar esto<\/a><\/li><li class='ez-toc-page-1 ez-toc-heading-level-3'><a class=\"ez-toc-link ez-toc-heading-7\" href=\"https:\/\/www.carmedeolazabal.cat\/es\/blog\/que-ropa-llevar-a-una-sesion-fotos\/#ir-a-la-pelu\" >Ir a la pelu<\/a><\/li><li class='ez-toc-page-1 ez-toc-heading-level-3'><a class=\"ez-toc-link ez-toc-heading-8\" href=\"https:\/\/www.carmedeolazabal.cat\/es\/blog\/que-ropa-llevar-a-una-sesion-fotos\/#cuidado-con-las-arrugas\" >Cuidado con las arrugas<\/a><\/li><\/ul><\/li><\/ul><\/nav><\/div>\n\n<p>Esta pregunta me la sol\u00e9is hacer habitualmente d\u00edas antes de la <a href=\"https:\/\/www.carmedeolazabal.cat\/es\/\">sesi\u00f3n de fotos en Sant Cugat<\/a> que tenemos programada.<\/p>\n\n\n\n<h2 class=\"wp-block-heading\"><span class=\"ez-toc-section\" id=\"definir-la-sesion-de-fotos\"><\/span>Definir la sesi\u00f3n de fotos<span class=\"ez-toc-section-end\"><\/span><\/h2>\n\n\n\n<p>En primer lugar, debemos definir el tipo de sesi\u00f3n que vamos a realizar. No es lo mismo una sesi\u00f3n informal de familia que una sesi\u00f3n de celebraci\u00f3n como una Primera Comuni\u00f3n o una sesi\u00f3n de embarazo. Es l\u00f3gico que, seg\u00fan el tipo de sesi\u00f3n, adapt\u00e9is el vestuario a su tem\u00e1tica.<\/p>\n\n\n\n<h2 class=\"wp-block-heading\"><span class=\"ez-toc-section\" id=\"llevar-una-ropa-en-la-que-os-sintais-comodos\"><\/span>Llevar una ropa en la que os sint\u00e1is c\u00f3modos<span class=\"ez-toc-section-end\"><\/span><\/h2>\n\n\n\n<p>A partir de aqu\u00ed, normalmente os recomiendo un vestuario que sea fiel a vuestro estilo, sin disfrazaros, c\u00f3modo, de vuestra talla y que os favorezca.<\/p>\n\n\n\n<p>Al igual que yo preparo una sesi\u00f3n con el atrezzo adecuado, adapt\u00e1ndolo a la tem\u00e1tica de la sesi\u00f3n, vosotros tambi\u00e9n deb\u00e9is tener en cuenta que la elecci\u00f3n del vestuario nos permitir\u00e1 sacar mejor provecho a las fotos.<\/p>\n\n\n\n<p>Creo que es interesante, y siempre os recomiendo, que llev\u00e9is un par de conjuntos para los peques de la casa y, si quer\u00e9is, tambi\u00e9n para vosotros.<\/p>\n\n\n\n<h2 class=\"wp-block-heading\"><span class=\"ez-toc-section\" id=\"consejos-para-elegir-la-ropa-adecuada-para-la-sesion\"><\/span>Consejos para elegir la ropa adecuada para la sesi\u00f3n<span class=\"ez-toc-section-end\"><\/span><\/h2>\n\n\n\n<p>Hay ciertos consejos concretos que pod\u00e9is tener en cuenta:<\/p>\n\n\n\n<h3 class=\"wp-block-heading\"><span class=\"ez-toc-section\" id=\"color-de-la-ropa\"><\/span>Color de la ropa<span class=\"ez-toc-section-end\"><\/span><\/h3>\n\n\n\n<p>En primer lugar, elegid aquella ropa con la que os ve\u00e1is bien, que os guste, pero que al mismo tiempo sea lo m\u00e1s neutra posible; la ropa con colores m\u00e1s fuertes o extravagantes es m\u00e1s arriesgada porque puede cansarnos con el tiempo.<\/p>\n\n\n\n<h3 class=\"wp-block-heading\"><span class=\"ez-toc-section\" id=\"combinacion-de-la-ropa\"><\/span>Combinaci\u00f3n de la ropa<span class=\"ez-toc-section-end\"><\/span><\/h3>\n\n\n\n<p>En segundo lugar, cuid\u00e1is la combinaci\u00f3n de colores cuando veng\u00e1is con la familia. No es necesario vestir igual a padres e hijos, pero es muy importante que haya armon\u00eda en los colores de la fotograf\u00eda. Los colores claros combinan m\u00e1s f\u00e1cilmente.<\/p>\n\n\n\n<h3 class=\"wp-block-heading\"><span class=\"ez-toc-section\" id=\"evitar-esto\"><\/span>Evitar esto<span class=\"ez-toc-section-end\"><\/span><\/h3>\n\n\n\n<p>En tercer lugar, evitad los estampados y otros elementos que marquen tendencias (marcas, logotipos, etc.) de moda que pueden quedar desfasados m\u00e1s r\u00e1pidamente.<\/p>\n\n\n\n<h3 class=\"wp-block-heading\"><span class=\"ez-toc-section\" id=\"ir-a-la-pelu\"><\/span>Ir a la pelu<span class=\"ez-toc-section-end\"><\/span><\/h3>\n\n\n\n<p>En cuarto lugar, os recomiendo que pas\u00e9is por la peluquer\u00eda, si as\u00ed os veis mejor, y os arregl\u00e9is las manos y los pies porque pueden ser protagonistas de alguna foto. Tened en cuenta que tengo una sesi\u00f3n muy especial, \u201ccapricho personal\u201d, en la que antes de venir a hacer la sesi\u00f3n os facilitamos una sesi\u00f3n de manicura y pedicura con una fant\u00e1stica profesional.<\/p>\n\n\n\n<h3 class=\"wp-block-heading\"><span class=\"ez-toc-section\" id=\"cuidado-con-las-arrugas\"><\/span>Cuidado con las arrugas<span class=\"ez-toc-section-end\"><\/span><\/h3>\n\n\n\n<p>Recordad llevar la ropa de manera que no se arrugue demasiado (sobre todo las camisas) y que est\u00e9 limpia y pulida ;). En resumen, siempre tened en cuenta que el protagonista del reportaje deb\u00e9is ser vosotros, y no vuestra ropa ni los complementos, nada debe robaros protagonismo. Buscamos un buen retrato donde os ve\u00e1is reflejados tal como sois.<\/p>\n","protected":false},"excerpt":{"rendered":"<p>Esta pregunta me la sol\u00e9is hacer habitualmente d\u00edas antes de la sesi\u00f3n de fotos en Sant Cugat que tenemos programada. Definir la sesi\u00f3n de fotos [&hellip;]<\/p>\n","protected":false},"author":5,"featured_media":15704,"comment_status":"closed","ping_status":"closed","sticky":false,"template":"","format":"standard","meta":{"_uag_custom_page_level_css":"","_joinchat":[],"footnotes":""},"categories":[2],"tags":[],"class_list":["post-12814","post","type-post","status-publish","format-standard","has-post-thumbnail","hentry","category-noticias"],"uagb_featured_image_src":{"full":["https:\/\/www.carmedeolazabal.cat\/wp-content\/uploads\/2024\/05\/ropa-sesion-fotografica.webp",900,600,false],"thumbnail":["https:\/\/www.carmedeolazabal.cat\/wp-content\/uploads\/2024\/05\/ropa-sesion-fotografica-150x150.webp",150,150,true],"medium":["https:\/\/www.carmedeolazabal.cat\/wp-content\/uploads\/2024\/05\/ropa-sesion-fotografica-300x200.webp",300,200,true],"medium_large":["https:\/\/www.carmedeolazabal.cat\/wp-content\/uploads\/2024\/05\/ropa-sesion-fotografica-768x512.webp",768,512,true],"large":["https:\/\/www.carmedeolazabal.cat\/wp-content\/uploads\/2024\/05\/ropa-sesion-fotografica.webp",900,600,false],"1536x1536":["https:\/\/www.carmedeolazabal.cat\/wp-content\/uploads\/2024\/05\/ropa-sesion-fotografica.webp",900,600,false],"2048x2048":["https:\/\/www.carmedeolazabal.cat\/wp-content\/uploads\/2024\/05\/ropa-sesion-fotografica.webp",900,600,false],"ultp_layout_landscape_large":["https:\/\/www.carmedeolazabal.cat\/wp-content\/uploads\/2024\/05\/ropa-sesion-fotografica.webp",900,600,false],"ultp_layout_landscape":["https:\/\/www.carmedeolazabal.cat\/wp-content\/uploads\/2024\/05\/ropa-sesion-fotografica.webp",855,570,false],"ultp_layout_portrait":["https:\/\/www.carmedeolazabal.cat\/wp-content\/uploads\/2024\/05\/ropa-sesion-fotografica.webp",600,400,false],"ultp_layout_square":["https:\/\/www.carmedeolazabal.cat\/wp-content\/uploads\/2024\/05\/ropa-sesion-fotografica.webp",600,400,false],"authorship-box-avatar":["https:\/\/www.carmedeolazabal.cat\/wp-content\/uploads\/2024\/05\/ropa-sesion-fotografica.webp",150,100,false],"authorship-box-related":["https:\/\/www.carmedeolazabal.cat\/wp-content\/uploads\/2024\/05\/ropa-sesion-fotografica.webp",70,47,false],"post-thumbnail":["https:\/\/www.carmedeolazabal.cat\/wp-content\/uploads\/2024\/05\/ropa-sesion-fotografica.webp",900,600,false],"getwid_base-cropped":["https:\/\/www.carmedeolazabal.cat\/wp-content\/uploads\/2024\/05\/ropa-sesion-fotografica-900x552.webp",900,552,true],"getwid_base-large":["https:\/\/www.carmedeolazabal.cat\/wp-content\/uploads\/2024\/05\/ropa-sesion-fotografica.webp",900,600,false]},"uagb_author_info":{"display_name":"Carme De Olazabal","author_link":"https:\/\/www.carmedeolazabal.cat\/es\/author\/carme\/"},"uagb_comment_info":0,"uagb_excerpt":"Esta pregunta me la sol\u00e9is hacer habitualmente d\u00edas antes de la sesi\u00f3n de fotos en Sant Cugat que tenemos programada. Definir la sesi\u00f3n de fotos [&hellip;]","rttpg_featured_image_url":{"full":["https:\/\/www.carmedeolazabal.cat\/wp-content\/uploads\/2024\/05\/ropa-sesion-fotografica.webp",900,600,false],"landscape":["https:\/\/www.carmedeolazabal.cat\/wp-content\/uploads\/2024\/05\/ropa-sesion-fotografica.webp",900,600,false],"portraits":["https:\/\/www.carmedeolazabal.cat\/wp-content\/uploads\/2024\/05\/ropa-sesion-fotografica.webp",900,600,false],"thumbnail":["https:\/\/www.carmedeolazabal.cat\/wp-content\/uploads\/2024\/05\/ropa-sesion-fotografica-150x150.webp",150,150,true],"medium":["https:\/\/www.carmedeolazabal.cat\/wp-content\/uploads\/2024\/05\/ropa-sesion-fotografica-300x200.webp",300,200,true],"large":["https:\/\/www.carmedeolazabal.cat\/wp-content\/uploads\/2024\/05\/ropa-sesion-fotografica.webp",900,600,false],"1536x1536":["https:\/\/www.carmedeolazabal.cat\/wp-content\/uploads\/2024\/05\/ropa-sesion-fotografica.webp",900,600,false],"2048x2048":["https:\/\/www.carmedeolazabal.cat\/wp-content\/uploads\/2024\/05\/ropa-sesion-fotografica.webp",900,600,false],"ultp_layout_landscape_large":["https:\/\/www.carmedeolazabal.cat\/wp-content\/uploads\/2024\/05\/ropa-sesion-fotografica.webp",900,600,false],"ultp_layout_landscape":["https:\/\/www.carmedeolazabal.cat\/wp-content\/uploads\/2024\/05\/ropa-sesion-fotografica.webp",855,570,false],"ultp_layout_portrait":["https:\/\/www.carmedeolazabal.cat\/wp-content\/uploads\/2024\/05\/ropa-sesion-fotografica.webp",600,400,false],"ultp_layout_square":["https:\/\/www.carmedeolazabal.cat\/wp-content\/uploads\/2024\/05\/ropa-sesion-fotografica.webp",600,400,false],"authorship-box-avatar":["https:\/\/www.carmedeolazabal.cat\/wp-content\/uploads\/2024\/05\/ropa-sesion-fotografica.webp",150,100,false],"authorship-box-related":["https:\/\/www.carmedeolazabal.cat\/wp-content\/uploads\/2024\/05\/ropa-sesion-fotografica.webp",70,47,false],"post-thumbnail":["https:\/\/www.carmedeolazabal.cat\/wp-content\/uploads\/2024\/05\/ropa-sesion-fotografica.webp",900,600,false],"getwid_base-cropped":["https:\/\/www.carmedeolazabal.cat\/wp-content\/uploads\/2024\/05\/ropa-sesion-fotografica-900x552.webp",900,552,true],"getwid_base-large":["https:\/\/www.carmedeolazabal.cat\/wp-content\/uploads\/2024\/05\/ropa-sesion-fotografica.webp",900,600,false]},"rttpg_author":{"display_name":"Carme De Olazabal","author_link":"https:\/\/www.carmedeolazabal.cat\/es\/author\/carme\/"},"rttpg_comment":0,"rttpg_category":"<a href=\"https:\/\/www.carmedeolazabal.cat\/es\/noticias\/\" rel=\"category tag\">blog<\/a>","rttpg_excerpt":"Esta pregunta me la sol\u00e9is hacer habitualmente d\u00edas antes de la sesi\u00f3n de fotos en Sant Cugat que tenemos programada. Definir la sesi\u00f3n de fotos [&hellip;]","_links":{"self":[{"href":"https:\/\/www.carmedeolazabal.cat\/es\/wp-json\/wp\/v2\/posts\/12814","targetHints":{"allow":["GET"]}}],"collection":[{"href":"https:\/\/www.carmedeolazabal.cat\/es\/wp-json\/wp\/v2\/posts"}],"about":[{"href":"https:\/\/www.carmedeolazabal.cat\/es\/wp-json\/wp\/v2\/types\/post"}],"author":[{"embeddable":true,"href":"https:\/\/www.carmedeolazabal.cat\/es\/wp-json\/wp\/v2\/users\/5"}],"replies":[{"embeddable":true,"href":"https:\/\/www.carmedeolazabal.cat\/es\/wp-json\/wp\/v2\/comments?post=12814"}],"version-history":[{"count":2,"href":"https:\/\/www.carmedeolazabal.cat\/es\/wp-json\/wp\/v2\/posts\/12814\/revisions"}],"predecessor-version":[{"id":17940,"href":"https:\/\/www.carmedeolazabal.cat\/es\/wp-json\/wp\/v2\/posts\/12814\/revisions\/17940"}],"wp:featuredmedia":[{"embeddable":true,"href":"https:\/\/www.carmedeolazabal.cat\/es\/wp-json\/wp\/v2\/media\/15704"}],"wp:attachment":[{"href":"https:\/\/www.carmedeolazabal.cat\/es\/wp-json\/wp\/v2\/media?parent=12814"}],"wp:term":[{"taxonomy":"category","embeddable":true,"href":"https:\/\/www.carmedeolazabal.cat\/es\/wp-json\/wp\/v2\/categories?post=12814"},{"taxonomy":"post_tag","embeddable":true,"href":"https:\/\/www.carmedeolazabal.cat\/es\/wp-json\/wp\/v2\/tags?post=12814"}],"curies":[{"name":"wp","href":"https:\/\/api.w.org\/{rel}","templated":true}]}}