{"id":12959,"date":"2017-09-13T15:33:08","date_gmt":"2017-09-13T15:33:08","guid":{"rendered":"https:\/\/www.carmedeolazabal.cat\/?p=12959\/"},"modified":"2024-06-28T15:57:39","modified_gmt":"2024-06-28T13:57:39","slug":"sesion-de-anna-pere-y-sus-nietos","status":"publish","type":"post","link":"https:\/\/www.carmedeolazabal.cat\/es\/blog\/sesion-de-anna-pere-y-sus-nietos\/","title":{"rendered":"Sesi\u00f3n de Anna, Pere y sus nietos"},"content":{"rendered":"\n<p>Los hijos de Anna y Pere quer\u00edan regalar a sus padres una experiencia que pudiesen compartir con todos los nietos, y llevarse de recuerdo unas buenas IM\u00c1GENES. Les regalaron una de mis sesiones preferidas, la <a href=\"https:\/\/www.carmedeolazabal.cat\/es\/sesiones-fotos\/abuelos-y-nietos\/\" data-type=\"page\" data-id=\"14868\">sesi\u00f3n de fotos de Abuelos y Nietos<\/a>.<\/p>\n\n\n\n<p>Despu\u00e9s de unos meses para fijar d\u00eda de sesi\u00f3n&#8230; que esperaron a hacerla cuando los ni\u00f1os estaban de vacaciones, lleg\u00f3 el GRAN d\u00eda!!<\/p>\n\n\n<div class=\"wp-block-image\">\n<figure class=\"aligncenter size-full\"><img loading=\"lazy\" decoding=\"async\" width=\"684\" height=\"1024\" src=\"https:\/\/www.carmedeolazabal.cat\/wp-content\/uploads\/2024\/05\/sesion-fotografica-abuelos-nietos-anna-pere.webp\" alt=\"sesion fotografica abuelos nietos anna pere\" class=\"wp-image-16384\" title=\"\" srcset=\"https:\/\/www.carmedeolazabal.cat\/wp-content\/uploads\/2024\/05\/sesion-fotografica-abuelos-nietos-anna-pere.webp 684w, https:\/\/www.carmedeolazabal.cat\/wp-content\/uploads\/2024\/05\/sesion-fotografica-abuelos-nietos-anna-pere-200x300.webp 200w\" sizes=\"auto, (max-width: 684px) 100vw, 684px\" \/><\/figure>\n<\/div>\n\n\n<p>Ven\u00edan los 2 abuelos con los 5 nietos!! Un buen grupo dentro de mi EstudioJ Empec\u00e9 la sesi\u00f3n combinando fotos de toda la familia, con fotos de los abuelos con los diferentes grupos de hermanos, individuales y de parejas. Fui haciendo cambios en el atrezzo en funci\u00f3n de las edades de los peques. Entre todos conseguimos crear un ambiente relajado y distendido, para conseguir miradas y gestos naturales y cari\u00f1osos, que es lo que mas me gusta en este tipo de sesiones.<\/p>\n\n\n\n<p>Todos disfrutaron mucho y se portaron muy bien&#8230;sobretodo los peques!! Era un gran momento entre ellos y los abuelos, y con el tiempo lo recordaran y tendr\u00e1 una importancia especial para todos.<\/p>\n\n\n\n<p>Gracias por venir y os espero pronto<\/p>\n","protected":false},"excerpt":{"rendered":"<p>Los hijos de Anna y Pere quer\u00edan regalar a sus padres una experiencia que pudiesen compartir con todos los nietos, y llevarse de recuerdo unas [&hellip;]<\/p>\n","protected":false},"author":5,"featured_media":16436,"comment_status":"closed","ping_status":"closed","sticky":false,"template":"","format":"standard","meta":{"_uag_custom_page_level_css":"","_joinchat":[],"footnotes":""},"categories":[2],"tags":[],"class_list":["post-12959","post","type-post","status-publish","format-standard","has-post-thumbnail","hentry","category-noticias"],"uagb_featured_image_src":{"full":["https:\/\/www.carmedeolazabal.cat\/wp-content\/uploads\/2024\/05\/sesiones-fotos-ana-pere-nietos.webp",1024,684,false],"thumbnail":["https:\/\/www.carmedeolazabal.cat\/wp-content\/uploads\/2024\/05\/sesiones-fotos-ana-pere-nietos-150x150.webp",150,150,true],"medium":["https:\/\/www.carmedeolazabal.cat\/wp-content\/uploads\/2024\/05\/sesiones-fotos-ana-pere-nietos-300x200.webp",300,200,true],"medium_large":["https:\/\/www.carmedeolazabal.cat\/wp-content\/uploads\/2024\/05\/sesiones-fotos-ana-pere-nietos-768x513.webp",768,513,true],"large":["https:\/\/www.carmedeolazabal.cat\/wp-content\/uploads\/2024\/05\/sesiones-fotos-ana-pere-nietos.webp",1024,684,false],"1536x1536":["https:\/\/www.carmedeolazabal.cat\/wp-content\/uploads\/2024\/05\/sesiones-fotos-ana-pere-nietos.webp",1024,684,false],"2048x2048":["https:\/\/www.carmedeolazabal.cat\/wp-content\/uploads\/2024\/05\/sesiones-fotos-ana-pere-nietos.webp",1024,684,false],"ultp_layout_landscape_large":["https:\/\/www.carmedeolazabal.cat\/wp-content\/uploads\/2024\/05\/sesiones-fotos-ana-pere-nietos.webp",1024,684,false],"ultp_layout_landscape":["https:\/\/www.carmedeolazabal.cat\/wp-content\/uploads\/2024\/05\/sesiones-fotos-ana-pere-nietos.webp",853,570,false],"ultp_layout_portrait":["https:\/\/www.carmedeolazabal.cat\/wp-content\/uploads\/2024\/05\/sesiones-fotos-ana-pere-nietos.webp",600,401,false],"ultp_layout_square":["https:\/\/www.carmedeolazabal.cat\/wp-content\/uploads\/2024\/05\/sesiones-fotos-ana-pere-nietos.webp",600,401,false],"authorship-box-avatar":["https:\/\/www.carmedeolazabal.cat\/wp-content\/uploads\/2024\/05\/sesiones-fotos-ana-pere-nietos.webp",150,100,false],"authorship-box-related":["https:\/\/www.carmedeolazabal.cat\/wp-content\/uploads\/2024\/05\/sesiones-fotos-ana-pere-nietos.webp",70,47,false],"post-thumbnail":["https:\/\/www.carmedeolazabal.cat\/wp-content\/uploads\/2024\/05\/sesiones-fotos-ana-pere-nietos-938x627.webp",938,627,true],"getwid_base-cropped":["https:\/\/www.carmedeolazabal.cat\/wp-content\/uploads\/2024\/05\/sesiones-fotos-ana-pere-nietos-938x552.webp",938,552,true],"getwid_base-large":["https:\/\/www.carmedeolazabal.cat\/wp-content\/uploads\/2024\/05\/sesiones-fotos-ana-pere-nietos.webp",1024,684,false]},"uagb_author_info":{"display_name":"Carme De Olazabal","author_link":"https:\/\/www.carmedeolazabal.cat\/es\/author\/carme\/"},"uagb_comment_info":0,"uagb_excerpt":"Los hijos de Anna y Pere quer\u00edan regalar a sus padres una experiencia que pudiesen compartir con todos los nietos, y llevarse de recuerdo unas [&hellip;]","rttpg_featured_image_url":{"full":["https:\/\/www.carmedeolazabal.cat\/wp-content\/uploads\/2024\/05\/sesiones-fotos-ana-pere-nietos.webp",1024,684,false],"landscape":["https:\/\/www.carmedeolazabal.cat\/wp-content\/uploads\/2024\/05\/sesiones-fotos-ana-pere-nietos.webp",1024,684,false],"portraits":["https:\/\/www.carmedeolazabal.cat\/wp-content\/uploads\/2024\/05\/sesiones-fotos-ana-pere-nietos.webp",1024,684,false],"thumbnail":["https:\/\/www.carmedeolazabal.cat\/wp-content\/uploads\/2024\/05\/sesiones-fotos-ana-pere-nietos-150x150.webp",150,150,true],"medium":["https:\/\/www.carmedeolazabal.cat\/wp-content\/uploads\/2024\/05\/sesiones-fotos-ana-pere-nietos-300x200.webp",300,200,true],"large":["https:\/\/www.carmedeolazabal.cat\/wp-content\/uploads\/2024\/05\/sesiones-fotos-ana-pere-nietos.webp",1024,684,false],"1536x1536":["https:\/\/www.carmedeolazabal.cat\/wp-content\/uploads\/2024\/05\/sesiones-fotos-ana-pere-nietos.webp",1024,684,false],"2048x2048":["https:\/\/www.carmedeolazabal.cat\/wp-content\/uploads\/2024\/05\/sesiones-fotos-ana-pere-nietos.webp",1024,684,false],"ultp_layout_landscape_large":["https:\/\/www.carmedeolazabal.cat\/wp-content\/uploads\/2024\/05\/sesiones-fotos-ana-pere-nietos.webp",1024,684,false],"ultp_layout_landscape":["https:\/\/www.carmedeolazabal.cat\/wp-content\/uploads\/2024\/05\/sesiones-fotos-ana-pere-nietos.webp",853,570,false],"ultp_layout_portrait":["https:\/\/www.carmedeolazabal.cat\/wp-content\/uploads\/2024\/05\/sesiones-fotos-ana-pere-nietos.webp",600,401,false],"ultp_layout_square":["https:\/\/www.carmedeolazabal.cat\/wp-content\/uploads\/2024\/05\/sesiones-fotos-ana-pere-nietos.webp",600,401,false],"authorship-box-avatar":["https:\/\/www.carmedeolazabal.cat\/wp-content\/uploads\/2024\/05\/sesiones-fotos-ana-pere-nietos.webp",150,100,false],"authorship-box-related":["https:\/\/www.carmedeolazabal.cat\/wp-content\/uploads\/2024\/05\/sesiones-fotos-ana-pere-nietos.webp",70,47,false],"post-thumbnail":["https:\/\/www.carmedeolazabal.cat\/wp-content\/uploads\/2024\/05\/sesiones-fotos-ana-pere-nietos-938x627.webp",938,627,true],"getwid_base-cropped":["https:\/\/www.carmedeolazabal.cat\/wp-content\/uploads\/2024\/05\/sesiones-fotos-ana-pere-nietos-938x552.webp",938,552,true],"getwid_base-large":["https:\/\/www.carmedeolazabal.cat\/wp-content\/uploads\/2024\/05\/sesiones-fotos-ana-pere-nietos.webp",1024,684,false]},"rttpg_author":{"display_name":"Carme De Olazabal","author_link":"https:\/\/www.carmedeolazabal.cat\/es\/author\/carme\/"},"rttpg_comment":0,"rttpg_category":"<a href=\"https:\/\/www.carmedeolazabal.cat\/es\/noticias\/\" rel=\"category tag\">blog<\/a>","rttpg_excerpt":"Los hijos de Anna y Pere quer\u00edan regalar a sus padres una experiencia que pudiesen compartir con todos los nietos, y llevarse de recuerdo unas [&hellip;]","_links":{"self":[{"href":"https:\/\/www.carmedeolazabal.cat\/es\/wp-json\/wp\/v2\/posts\/12959","targetHints":{"allow":["GET"]}}],"collection":[{"href":"https:\/\/www.carmedeolazabal.cat\/es\/wp-json\/wp\/v2\/posts"}],"about":[{"href":"https:\/\/www.carmedeolazabal.cat\/es\/wp-json\/wp\/v2\/types\/post"}],"author":[{"embeddable":true,"href":"https:\/\/www.carmedeolazabal.cat\/es\/wp-json\/wp\/v2\/users\/5"}],"replies":[{"embeddable":true,"href":"https:\/\/www.carmedeolazabal.cat\/es\/wp-json\/wp\/v2\/comments?post=12959"}],"version-history":[{"count":3,"href":"https:\/\/www.carmedeolazabal.cat\/es\/wp-json\/wp\/v2\/posts\/12959\/revisions"}],"predecessor-version":[{"id":17937,"href":"https:\/\/www.carmedeolazabal.cat\/es\/wp-json\/wp\/v2\/posts\/12959\/revisions\/17937"}],"wp:featuredmedia":[{"embeddable":true,"href":"https:\/\/www.carmedeolazabal.cat\/es\/wp-json\/wp\/v2\/media\/16436"}],"wp:attachment":[{"href":"https:\/\/www.carmedeolazabal.cat\/es\/wp-json\/wp\/v2\/media?parent=12959"}],"wp:term":[{"taxonomy":"category","embeddable":true,"href":"https:\/\/www.carmedeolazabal.cat\/es\/wp-json\/wp\/v2\/categories?post=12959"},{"taxonomy":"post_tag","embeddable":true,"href":"https:\/\/www.carmedeolazabal.cat\/es\/wp-json\/wp\/v2\/tags?post=12959"}],"curies":[{"name":"wp","href":"https:\/\/api.w.org\/{rel}","templated":true}]}}