{"id":13023,"date":"2017-10-23T18:13:06","date_gmt":"2017-10-23T18:13:06","guid":{"rendered":"https:\/\/www.carmedeolazabal.cat\/?p=13023\/"},"modified":"2024-09-03T10:46:16","modified_gmt":"2024-09-03T08:46:16","slug":"sesion-corporativa-en-el-despacho-de-abogados-de-montserrat-genesca","status":"publish","type":"post","link":"https:\/\/www.carmedeolazabal.cat\/es\/blog\/sesion-corporativa-en-el-despacho-de-abogados-de-montserrat-genesca\/","title":{"rendered":"Sesi\u00f3n Corporativa en el despacho de abogados de Montserrat Genesc\u00e0"},"content":{"rendered":"\n<p>La Montse y su equipo, del despacho de abogadas, contactaron conmigo aprovechando que estaban actualizando su p\u00e1gina web y poni\u00e9ndola al d\u00eda y, por tanto, necesitaban unas buenas fotograf\u00edas profesionales del equipo de personas que trabajan en el bufet y al mismo tiempo de sus instalaciones.<\/p>\n\n\n\n<p>El objetivo principal era actualizar la p\u00e1gina, darse a conocer y conectar m\u00e1s f\u00e1cilmente con sus actuales y futuros clientes.<\/p>\n\n\n\n<p>Esta vez fui a hacer la <a href=\"https:\/\/www.carmedeolazabal.cat\/es\/reportajes-corporativos\/empresas-y-equipos\/\" data-type=\"page\" data-id=\"14862\">sesi\u00f3n corporativa<\/a> a les instalaciones de su empresa, en Terrassa, dentro de su ambiente laboral, un despacho que tiene como especialidad el Derecho de Familia hace m\u00e1s de 40 a\u00f1os.<\/p>\n\n\n\n<p>Aqu\u00ed os dejo una muestra del resultado<\/p>\n\n\n\n<figure class=\"wp-block-image size-full\"><img loading=\"lazy\" decoding=\"async\" width=\"1024\" height=\"684\" src=\"https:\/\/www.carmedeolazabal.cat\/wp-content\/uploads\/2024\/05\/sesion-fotos-profesional-para-despachos-abogados.webp\" alt=\"Sesi\u00f3n de fotos equipos de abogados\" class=\"wp-image-15969\" title=\"\" srcset=\"https:\/\/www.carmedeolazabal.cat\/wp-content\/uploads\/2024\/05\/sesion-fotos-profesional-para-despachos-abogados.webp 1024w, https:\/\/www.carmedeolazabal.cat\/wp-content\/uploads\/2024\/05\/sesion-fotos-profesional-para-despachos-abogados-300x200.webp 300w, https:\/\/www.carmedeolazabal.cat\/wp-content\/uploads\/2024\/05\/sesion-fotos-profesional-para-despachos-abogados-768x513.webp 768w, https:\/\/www.carmedeolazabal.cat\/wp-content\/uploads\/2024\/05\/sesion-fotos-profesional-para-despachos-abogados-938x627.webp 938w\" sizes=\"auto, (max-width: 1024px) 100vw, 1024px\" \/><\/figure>\n\n\n\n<p>Las fotos se pueden consultar en su p\u00e1gina web <a href=\"https:\/\/mgenesca.com\/\" target=\"_blank\" rel=\"noopener\">www.mgenesca.com<\/a>.<\/p>\n","protected":false},"excerpt":{"rendered":"<p>La Montse y su equipo, del despacho de abogadas, contactaron conmigo aprovechando que estaban actualizando su p\u00e1gina web y poni\u00e9ndola al d\u00eda y, por tanto, [&hellip;]<\/p>\n","protected":false},"author":5,"featured_media":15693,"comment_status":"closed","ping_status":"closed","sticky":false,"template":"","format":"standard","meta":{"_uag_custom_page_level_css":"","_joinchat":[],"footnotes":""},"categories":[2],"tags":[],"class_list":["post-13023","post","type-post","status-publish","format-standard","has-post-thumbnail","hentry","category-noticias"],"uagb_featured_image_src":{"full":["https:\/\/www.carmedeolazabal.cat\/wp-content\/uploads\/2024\/05\/sesion-fotografica-corporativa-abogados.webp",900,600,false],"thumbnail":["https:\/\/www.carmedeolazabal.cat\/wp-content\/uploads\/2024\/05\/sesion-fotografica-corporativa-abogados-150x150.webp",150,150,true],"medium":["https:\/\/www.carmedeolazabal.cat\/wp-content\/uploads\/2024\/05\/sesion-fotografica-corporativa-abogados-300x200.webp",300,200,true],"medium_large":["https:\/\/www.carmedeolazabal.cat\/wp-content\/uploads\/2024\/05\/sesion-fotografica-corporativa-abogados-768x512.webp",768,512,true],"large":["https:\/\/www.carmedeolazabal.cat\/wp-content\/uploads\/2024\/05\/sesion-fotografica-corporativa-abogados.webp",900,600,false],"1536x1536":["https:\/\/www.carmedeolazabal.cat\/wp-content\/uploads\/2024\/05\/sesion-fotografica-corporativa-abogados.webp",900,600,false],"2048x2048":["https:\/\/www.carmedeolazabal.cat\/wp-content\/uploads\/2024\/05\/sesion-fotografica-corporativa-abogados.webp",900,600,false],"ultp_layout_landscape_large":["https:\/\/www.carmedeolazabal.cat\/wp-content\/uploads\/2024\/05\/sesion-fotografica-corporativa-abogados.webp",900,600,false],"ultp_layout_landscape":["https:\/\/www.carmedeolazabal.cat\/wp-content\/uploads\/2024\/05\/sesion-fotografica-corporativa-abogados.webp",855,570,false],"ultp_layout_portrait":["https:\/\/www.carmedeolazabal.cat\/wp-content\/uploads\/2024\/05\/sesion-fotografica-corporativa-abogados.webp",600,400,false],"ultp_layout_square":["https:\/\/www.carmedeolazabal.cat\/wp-content\/uploads\/2024\/05\/sesion-fotografica-corporativa-abogados.webp",600,400,false],"authorship-box-avatar":["https:\/\/www.carmedeolazabal.cat\/wp-content\/uploads\/2024\/05\/sesion-fotografica-corporativa-abogados.webp",150,100,false],"authorship-box-related":["https:\/\/www.carmedeolazabal.cat\/wp-content\/uploads\/2024\/05\/sesion-fotografica-corporativa-abogados.webp",70,47,false],"post-thumbnail":["https:\/\/www.carmedeolazabal.cat\/wp-content\/uploads\/2024\/05\/sesion-fotografica-corporativa-abogados.webp",900,600,false],"getwid_base-cropped":["https:\/\/www.carmedeolazabal.cat\/wp-content\/uploads\/2024\/05\/sesion-fotografica-corporativa-abogados-900x552.webp",900,552,true],"getwid_base-large":["https:\/\/www.carmedeolazabal.cat\/wp-content\/uploads\/2024\/05\/sesion-fotografica-corporativa-abogados.webp",900,600,false]},"uagb_author_info":{"display_name":"Carme De Olazabal","author_link":"https:\/\/www.carmedeolazabal.cat\/es\/author\/carme\/"},"uagb_comment_info":0,"uagb_excerpt":"La Montse y su equipo, del despacho de abogadas, contactaron conmigo aprovechando que estaban actualizando su p\u00e1gina web y poni\u00e9ndola al d\u00eda y, por tanto, [&hellip;]","rttpg_featured_image_url":{"full":["https:\/\/www.carmedeolazabal.cat\/wp-content\/uploads\/2024\/05\/sesion-fotografica-corporativa-abogados.webp",900,600,false],"landscape":["https:\/\/www.carmedeolazabal.cat\/wp-content\/uploads\/2024\/05\/sesion-fotografica-corporativa-abogados.webp",900,600,false],"portraits":["https:\/\/www.carmedeolazabal.cat\/wp-content\/uploads\/2024\/05\/sesion-fotografica-corporativa-abogados.webp",900,600,false],"thumbnail":["https:\/\/www.carmedeolazabal.cat\/wp-content\/uploads\/2024\/05\/sesion-fotografica-corporativa-abogados-150x150.webp",150,150,true],"medium":["https:\/\/www.carmedeolazabal.cat\/wp-content\/uploads\/2024\/05\/sesion-fotografica-corporativa-abogados-300x200.webp",300,200,true],"large":["https:\/\/www.carmedeolazabal.cat\/wp-content\/uploads\/2024\/05\/sesion-fotografica-corporativa-abogados.webp",900,600,false],"1536x1536":["https:\/\/www.carmedeolazabal.cat\/wp-content\/uploads\/2024\/05\/sesion-fotografica-corporativa-abogados.webp",900,600,false],"2048x2048":["https:\/\/www.carmedeolazabal.cat\/wp-content\/uploads\/2024\/05\/sesion-fotografica-corporativa-abogados.webp",900,600,false],"ultp_layout_landscape_large":["https:\/\/www.carmedeolazabal.cat\/wp-content\/uploads\/2024\/05\/sesion-fotografica-corporativa-abogados.webp",900,600,false],"ultp_layout_landscape":["https:\/\/www.carmedeolazabal.cat\/wp-content\/uploads\/2024\/05\/sesion-fotografica-corporativa-abogados.webp",855,570,false],"ultp_layout_portrait":["https:\/\/www.carmedeolazabal.cat\/wp-content\/uploads\/2024\/05\/sesion-fotografica-corporativa-abogados.webp",600,400,false],"ultp_layout_square":["https:\/\/www.carmedeolazabal.cat\/wp-content\/uploads\/2024\/05\/sesion-fotografica-corporativa-abogados.webp",600,400,false],"authorship-box-avatar":["https:\/\/www.carmedeolazabal.cat\/wp-content\/uploads\/2024\/05\/sesion-fotografica-corporativa-abogados.webp",150,100,false],"authorship-box-related":["https:\/\/www.carmedeolazabal.cat\/wp-content\/uploads\/2024\/05\/sesion-fotografica-corporativa-abogados.webp",70,47,false],"post-thumbnail":["https:\/\/www.carmedeolazabal.cat\/wp-content\/uploads\/2024\/05\/sesion-fotografica-corporativa-abogados.webp",900,600,false],"getwid_base-cropped":["https:\/\/www.carmedeolazabal.cat\/wp-content\/uploads\/2024\/05\/sesion-fotografica-corporativa-abogados-900x552.webp",900,552,true],"getwid_base-large":["https:\/\/www.carmedeolazabal.cat\/wp-content\/uploads\/2024\/05\/sesion-fotografica-corporativa-abogados.webp",900,600,false]},"rttpg_author":{"display_name":"Carme De Olazabal","author_link":"https:\/\/www.carmedeolazabal.cat\/es\/author\/carme\/"},"rttpg_comment":0,"rttpg_category":"<a href=\"https:\/\/www.carmedeolazabal.cat\/es\/noticias\/\" rel=\"category tag\">blog<\/a>","rttpg_excerpt":"La Montse y su equipo, del despacho de abogadas, contactaron conmigo aprovechando que estaban actualizando su p\u00e1gina web y poni\u00e9ndola al d\u00eda y, por tanto, [&hellip;]","_links":{"self":[{"href":"https:\/\/www.carmedeolazabal.cat\/es\/wp-json\/wp\/v2\/posts\/13023","targetHints":{"allow":["GET"]}}],"collection":[{"href":"https:\/\/www.carmedeolazabal.cat\/es\/wp-json\/wp\/v2\/posts"}],"about":[{"href":"https:\/\/www.carmedeolazabal.cat\/es\/wp-json\/wp\/v2\/types\/post"}],"author":[{"embeddable":true,"href":"https:\/\/www.carmedeolazabal.cat\/es\/wp-json\/wp\/v2\/users\/5"}],"replies":[{"embeddable":true,"href":"https:\/\/www.carmedeolazabal.cat\/es\/wp-json\/wp\/v2\/comments?post=13023"}],"version-history":[{"count":5,"href":"https:\/\/www.carmedeolazabal.cat\/es\/wp-json\/wp\/v2\/posts\/13023\/revisions"}],"predecessor-version":[{"id":19456,"href":"https:\/\/www.carmedeolazabal.cat\/es\/wp-json\/wp\/v2\/posts\/13023\/revisions\/19456"}],"wp:featuredmedia":[{"embeddable":true,"href":"https:\/\/www.carmedeolazabal.cat\/es\/wp-json\/wp\/v2\/media\/15693"}],"wp:attachment":[{"href":"https:\/\/www.carmedeolazabal.cat\/es\/wp-json\/wp\/v2\/media?parent=13023"}],"wp:term":[{"taxonomy":"category","embeddable":true,"href":"https:\/\/www.carmedeolazabal.cat\/es\/wp-json\/wp\/v2\/categories?post=13023"},{"taxonomy":"post_tag","embeddable":true,"href":"https:\/\/www.carmedeolazabal.cat\/es\/wp-json\/wp\/v2\/tags?post=13023"}],"curies":[{"name":"wp","href":"https:\/\/api.w.org\/{rel}","templated":true}]}}