{"id":13307,"date":"2018-02-27T16:52:09","date_gmt":"2018-02-27T16:52:09","guid":{"rendered":"https:\/\/www.carmedeolazabal.cat\/?p=13307\/"},"modified":"2024-06-28T13:42:55","modified_gmt":"2024-06-28T11:42:55","slug":"fotos-profesionales-para-la-nueva-web-de-meritxell-camats","status":"publish","type":"post","link":"https:\/\/www.carmedeolazabal.cat\/es\/blog\/fotos-profesionales-para-la-nueva-web-de-meritxell-camats\/","title":{"rendered":"Fotos profesionales para la nueva web de Meritxell Camats"},"content":{"rendered":"<div id=\"ez-toc-container\" class=\"ez-toc-v2_0_80 ez-toc-wrap-center counter-hierarchy ez-toc-counter ez-toc-custom ez-toc-container-direction\">\n<div class=\"ez-toc-title-container\">\n<p class=\"ez-toc-title\" style=\"cursor:inherit\">Contenido de la publicaci\u00f3n<\/p>\n<span class=\"ez-toc-title-toggle\"><\/span><\/div>\n<nav><ul class='ez-toc-list ez-toc-list-level-1 ' ><li class='ez-toc-page-1 ez-toc-heading-level-2'><a class=\"ez-toc-link ez-toc-heading-1\" href=\"https:\/\/www.carmedeolazabal.cat\/es\/blog\/fotos-profesionales-para-la-nueva-web-de-meritxell-camats\/#como-prepare-el-reportaje\" >C\u00f3mo prepar\u00e9 el reportaje<\/a><\/li><li class='ez-toc-page-1 ez-toc-heading-level-2'><a class=\"ez-toc-link ez-toc-heading-2\" href=\"https:\/\/www.carmedeolazabal.cat\/es\/blog\/fotos-profesionales-para-la-nueva-web-de-meritxell-camats\/#%c2%bfque-objetivo-tienen\" >\u00bfQu\u00e9 objetivo tienen?<\/a><\/li><\/ul><\/nav><\/div>\n\n<p>Meritxell contacta conmigo para venir al <a href=\"https:\/\/www.carmedeolazabal.cat\/es\/\">estudio de Sant Cugat<\/a> y hacerse unas buenas <a href=\"https:\/\/www.carmedeolazabal.cat\/es\/reportajes-corporativos\/empresas-y-equipos\/\" data-type=\"page\" data-id=\"14862\">fotos corporativas<\/a>. Son <a href=\"https:\/\/www.carmedeolazabal.cat\/es\/blog\/fotografo-paginas-web\/\" data-type=\"post\" data-id=\"13424\">fotograf\u00edas para su p\u00e1gina web<\/a>, www.mericamats.com y la portada de su pr\u00f3ximo libro, <em>La ventana de mis ojos<\/em>, con el que estrenar\u00e1 su nuevo camino profesional.<\/p>\n\n\n<div class=\"wp-block-image\">\n<figure class=\"aligncenter size-full\"><img loading=\"lazy\" decoding=\"async\" width=\"684\" height=\"1024\" src=\"https:\/\/www.carmedeolazabal.cat\/wp-content\/uploads\/2024\/05\/fotos-marca-personal-web.webp\" alt=\"fotos marca personal web\" class=\"wp-image-16242\" title=\"\" srcset=\"https:\/\/www.carmedeolazabal.cat\/wp-content\/uploads\/2024\/05\/fotos-marca-personal-web.webp 684w, https:\/\/www.carmedeolazabal.cat\/wp-content\/uploads\/2024\/05\/fotos-marca-personal-web-200x300.webp 200w\" sizes=\"auto, (max-width: 684px) 100vw, 684px\" \/><\/figure>\n<\/div>\n\n\n<p>En el momento en el que preparas una nueva web profesional, o actualizas la que ya tienes, uno de los puntos importantes que has de tener en cuenta es a\u00f1adir unas buenas im\u00e1genes tuyas con las que presentarte de una forma adecuada, delante de tu futuro cliente. Por este motivo, es importante que conf\u00edes tu imagen a profesionales, en concreto a un buen fot\u00f3grafo profesional.<\/p>\n\n\n\n<h2 class=\"wp-block-heading\"><span class=\"ez-toc-section\" id=\"como-prepare-el-reportaje\"><\/span>C\u00f3mo prepar\u00e9 el reportaje<span class=\"ez-toc-section-end\"><\/span><\/h2>\n\n\n\n<p>Cuando preparo este tipo de reportaje, preparo el escenario donde hagamos las fotos para que sea adequado y neutro, con material profesional (si \u00e9s necesario).<\/p>\n\n\n<div class=\"wp-block-image\">\n<figure class=\"aligncenter size-full\"><img loading=\"lazy\" decoding=\"async\" width=\"684\" height=\"1024\" src=\"https:\/\/www.carmedeolazabal.cat\/wp-content\/uploads\/2024\/05\/sesion-fotos-profesionales-marca-personal-web.webp\" alt=\"sesion fotos profesionales marca personal web\" class=\"wp-image-16420\" title=\"\" srcset=\"https:\/\/www.carmedeolazabal.cat\/wp-content\/uploads\/2024\/05\/sesion-fotos-profesionales-marca-personal-web.webp 684w, https:\/\/www.carmedeolazabal.cat\/wp-content\/uploads\/2024\/05\/sesion-fotos-profesionales-marca-personal-web-200x300.webp 200w\" sizes=\"auto, (max-width: 684px) 100vw, 684px\" \/><\/figure>\n<\/div>\n\n\n<p>Al mismo tiempo siempre os recomiendo que veng\u00e1is vestidos con ropa que os favorezca, de tonos neutros y atemporal. Las mujeres hemos de tener presente de ir maquilladas con un maquillaje natural, preferiblemente mate. El \u00faltimo retoque lo puedo hacer yo en el Estudio.<\/p>\n\n\n\n<h2 class=\"wp-block-heading\"><span class=\"ez-toc-section\" id=\"%c2%bfque-objetivo-tienen\"><\/span>\u00bfQu\u00e9 objetivo tienen?<span class=\"ez-toc-section-end\"><\/span><\/h2>\n\n\n\n<p>Este tipo de fotograf\u00edas tienen la finalidad de presentarte dentro de tu sector professional y lo tengo en cuenta para el tipo de fotos que quieres.<\/p>\n\n\n\n<p>En este caso Meritxell quiere llegar a un tipo de p\u00fablico femenino, que ser\u00e1 mayoritariamente el que contactar\u00e1 con ella, quiere unas fotos directas y naturales.<\/p>\n\n\n\n<p>Normalmente os encuadro en diferentes planos, primer plano, plano medio y plano americano (por encima de la rodilla).<\/p>\n\n\n\n<p>Del volumen de fotos que os env\u00ede, escog\u00e9is las que m\u00e1s os gustan, y a partir de aqu\u00ed hago la posproducci\u00f3n al detalle con la selecci\u00f3n de fotos que realmente os interesa para publicar.<\/p>\n\n\n\n<p>La entrega de los archivos ser\u00e1 en formato digital, de alta resoluci\u00f3n (para su publicaci\u00f3n impresa) y de calidad moderada (para la publicaci\u00f3n on-line).<\/p>\n","protected":false},"excerpt":{"rendered":"<p>Meritxell contacta conmigo para venir al estudio de Sant Cugat y hacerse unas buenas fotos corporativas. Son fotograf\u00edas para su p\u00e1gina web, www.mericamats.com y la [&hellip;]<\/p>\n","protected":false},"author":5,"featured_media":16334,"comment_status":"closed","ping_status":"closed","sticky":false,"template":"","format":"standard","meta":{"_uag_custom_page_level_css":"","_joinchat":[],"footnotes":""},"categories":[2],"tags":[],"class_list":["post-13307","post","type-post","status-publish","format-standard","has-post-thumbnail","hentry","category-noticias"],"uagb_featured_image_src":{"full":["https:\/\/www.carmedeolazabal.cat\/wp-content\/uploads\/2024\/05\/reportaje-fotografico-para-paginas-web-webp.webp",900,600,false],"thumbnail":["https:\/\/www.carmedeolazabal.cat\/wp-content\/uploads\/2024\/05\/reportaje-fotografico-para-paginas-web-webp-150x150.webp",150,150,true],"medium":["https:\/\/www.carmedeolazabal.cat\/wp-content\/uploads\/2024\/05\/reportaje-fotografico-para-paginas-web-webp-300x200.webp",300,200,true],"medium_large":["https:\/\/www.carmedeolazabal.cat\/wp-content\/uploads\/2024\/05\/reportaje-fotografico-para-paginas-web-webp-768x512.webp",768,512,true],"large":["https:\/\/www.carmedeolazabal.cat\/wp-content\/uploads\/2024\/05\/reportaje-fotografico-para-paginas-web-webp.webp",900,600,false],"1536x1536":["https:\/\/www.carmedeolazabal.cat\/wp-content\/uploads\/2024\/05\/reportaje-fotografico-para-paginas-web-webp.webp",900,600,false],"2048x2048":["https:\/\/www.carmedeolazabal.cat\/wp-content\/uploads\/2024\/05\/reportaje-fotografico-para-paginas-web-webp.webp",900,600,false],"ultp_layout_landscape_large":["https:\/\/www.carmedeolazabal.cat\/wp-content\/uploads\/2024\/05\/reportaje-fotografico-para-paginas-web-webp.webp",900,600,false],"ultp_layout_landscape":["https:\/\/www.carmedeolazabal.cat\/wp-content\/uploads\/2024\/05\/reportaje-fotografico-para-paginas-web-webp.webp",855,570,false],"ultp_layout_portrait":["https:\/\/www.carmedeolazabal.cat\/wp-content\/uploads\/2024\/05\/reportaje-fotografico-para-paginas-web-webp.webp",600,400,false],"ultp_layout_square":["https:\/\/www.carmedeolazabal.cat\/wp-content\/uploads\/2024\/05\/reportaje-fotografico-para-paginas-web-webp.webp",600,400,false],"authorship-box-avatar":["https:\/\/www.carmedeolazabal.cat\/wp-content\/uploads\/2024\/05\/reportaje-fotografico-para-paginas-web-webp.webp",150,100,false],"authorship-box-related":["https:\/\/www.carmedeolazabal.cat\/wp-content\/uploads\/2024\/05\/reportaje-fotografico-para-paginas-web-webp.webp",70,47,false],"post-thumbnail":["https:\/\/www.carmedeolazabal.cat\/wp-content\/uploads\/2024\/05\/reportaje-fotografico-para-paginas-web-webp.webp",900,600,false],"getwid_base-cropped":["https:\/\/www.carmedeolazabal.cat\/wp-content\/uploads\/2024\/05\/reportaje-fotografico-para-paginas-web-webp-900x552.webp",900,552,true],"getwid_base-large":["https:\/\/www.carmedeolazabal.cat\/wp-content\/uploads\/2024\/05\/reportaje-fotografico-para-paginas-web-webp.webp",900,600,false]},"uagb_author_info":{"display_name":"Carme De Olazabal","author_link":"https:\/\/www.carmedeolazabal.cat\/es\/author\/carme\/"},"uagb_comment_info":0,"uagb_excerpt":"Meritxell contacta conmigo para venir al estudio de Sant Cugat y hacerse unas buenas fotos corporativas. Son fotograf\u00edas para su p\u00e1gina web, www.mericamats.com y la [&hellip;]","rttpg_featured_image_url":{"full":["https:\/\/www.carmedeolazabal.cat\/wp-content\/uploads\/2024\/05\/reportaje-fotografico-para-paginas-web-webp.webp",900,600,false],"landscape":["https:\/\/www.carmedeolazabal.cat\/wp-content\/uploads\/2024\/05\/reportaje-fotografico-para-paginas-web-webp.webp",900,600,false],"portraits":["https:\/\/www.carmedeolazabal.cat\/wp-content\/uploads\/2024\/05\/reportaje-fotografico-para-paginas-web-webp.webp",900,600,false],"thumbnail":["https:\/\/www.carmedeolazabal.cat\/wp-content\/uploads\/2024\/05\/reportaje-fotografico-para-paginas-web-webp-150x150.webp",150,150,true],"medium":["https:\/\/www.carmedeolazabal.cat\/wp-content\/uploads\/2024\/05\/reportaje-fotografico-para-paginas-web-webp-300x200.webp",300,200,true],"large":["https:\/\/www.carmedeolazabal.cat\/wp-content\/uploads\/2024\/05\/reportaje-fotografico-para-paginas-web-webp.webp",900,600,false],"1536x1536":["https:\/\/www.carmedeolazabal.cat\/wp-content\/uploads\/2024\/05\/reportaje-fotografico-para-paginas-web-webp.webp",900,600,false],"2048x2048":["https:\/\/www.carmedeolazabal.cat\/wp-content\/uploads\/2024\/05\/reportaje-fotografico-para-paginas-web-webp.webp",900,600,false],"ultp_layout_landscape_large":["https:\/\/www.carmedeolazabal.cat\/wp-content\/uploads\/2024\/05\/reportaje-fotografico-para-paginas-web-webp.webp",900,600,false],"ultp_layout_landscape":["https:\/\/www.carmedeolazabal.cat\/wp-content\/uploads\/2024\/05\/reportaje-fotografico-para-paginas-web-webp.webp",855,570,false],"ultp_layout_portrait":["https:\/\/www.carmedeolazabal.cat\/wp-content\/uploads\/2024\/05\/reportaje-fotografico-para-paginas-web-webp.webp",600,400,false],"ultp_layout_square":["https:\/\/www.carmedeolazabal.cat\/wp-content\/uploads\/2024\/05\/reportaje-fotografico-para-paginas-web-webp.webp",600,400,false],"authorship-box-avatar":["https:\/\/www.carmedeolazabal.cat\/wp-content\/uploads\/2024\/05\/reportaje-fotografico-para-paginas-web-webp.webp",150,100,false],"authorship-box-related":["https:\/\/www.carmedeolazabal.cat\/wp-content\/uploads\/2024\/05\/reportaje-fotografico-para-paginas-web-webp.webp",70,47,false],"post-thumbnail":["https:\/\/www.carmedeolazabal.cat\/wp-content\/uploads\/2024\/05\/reportaje-fotografico-para-paginas-web-webp.webp",900,600,false],"getwid_base-cropped":["https:\/\/www.carmedeolazabal.cat\/wp-content\/uploads\/2024\/05\/reportaje-fotografico-para-paginas-web-webp-900x552.webp",900,552,true],"getwid_base-large":["https:\/\/www.carmedeolazabal.cat\/wp-content\/uploads\/2024\/05\/reportaje-fotografico-para-paginas-web-webp.webp",900,600,false]},"rttpg_author":{"display_name":"Carme De Olazabal","author_link":"https:\/\/www.carmedeolazabal.cat\/es\/author\/carme\/"},"rttpg_comment":0,"rttpg_category":"<a href=\"https:\/\/www.carmedeolazabal.cat\/es\/noticias\/\" rel=\"category tag\">blog<\/a>","rttpg_excerpt":"Meritxell contacta conmigo para venir al estudio de Sant Cugat y hacerse unas buenas fotos corporativas. Son fotograf\u00edas para su p\u00e1gina web, www.mericamats.com y la [&hellip;]","_links":{"self":[{"href":"https:\/\/www.carmedeolazabal.cat\/es\/wp-json\/wp\/v2\/posts\/13307","targetHints":{"allow":["GET"]}}],"collection":[{"href":"https:\/\/www.carmedeolazabal.cat\/es\/wp-json\/wp\/v2\/posts"}],"about":[{"href":"https:\/\/www.carmedeolazabal.cat\/es\/wp-json\/wp\/v2\/types\/post"}],"author":[{"embeddable":true,"href":"https:\/\/www.carmedeolazabal.cat\/es\/wp-json\/wp\/v2\/users\/5"}],"replies":[{"embeddable":true,"href":"https:\/\/www.carmedeolazabal.cat\/es\/wp-json\/wp\/v2\/comments?post=13307"}],"version-history":[{"count":5,"href":"https:\/\/www.carmedeolazabal.cat\/es\/wp-json\/wp\/v2\/posts\/13307\/revisions"}],"predecessor-version":[{"id":17905,"href":"https:\/\/www.carmedeolazabal.cat\/es\/wp-json\/wp\/v2\/posts\/13307\/revisions\/17905"}],"wp:featuredmedia":[{"embeddable":true,"href":"https:\/\/www.carmedeolazabal.cat\/es\/wp-json\/wp\/v2\/media\/16334"}],"wp:attachment":[{"href":"https:\/\/www.carmedeolazabal.cat\/es\/wp-json\/wp\/v2\/media?parent=13307"}],"wp:term":[{"taxonomy":"category","embeddable":true,"href":"https:\/\/www.carmedeolazabal.cat\/es\/wp-json\/wp\/v2\/categories?post=13307"},{"taxonomy":"post_tag","embeddable":true,"href":"https:\/\/www.carmedeolazabal.cat\/es\/wp-json\/wp\/v2\/tags?post=13307"}],"curies":[{"name":"wp","href":"https:\/\/api.w.org\/{rel}","templated":true}]}}