{"id":13490,"date":"2018-04-09T13:40:09","date_gmt":"2018-04-09T13:40:09","guid":{"rendered":"https:\/\/www.carmedeolazabal.cat\/?p=13490\/"},"modified":"2024-08-09T12:12:00","modified_gmt":"2024-08-09T10:12:00","slug":"reportaje-fotos-hermanas","status":"publish","type":"post","link":"https:\/\/www.carmedeolazabal.cat\/es\/blog\/reportaje-fotos-hermanas\/","title":{"rendered":"Reportaje de fotos para hermanas \u00a1embarazadas las dos!"},"content":{"rendered":"<div id=\"ez-toc-container\" class=\"ez-toc-v2_0_80 ez-toc-wrap-center counter-hierarchy ez-toc-counter ez-toc-custom ez-toc-container-direction\">\n<div class=\"ez-toc-title-container\">\n<p class=\"ez-toc-title\" style=\"cursor:inherit\">Contenido de la publicaci\u00f3n<\/p>\n<span class=\"ez-toc-title-toggle\"><\/span><\/div>\n<nav><ul class='ez-toc-list ez-toc-list-level-1 ' ><li class='ez-toc-page-1 ez-toc-heading-level-2'><a class=\"ez-toc-link ez-toc-heading-1\" href=\"https:\/\/www.carmedeolazabal.cat\/es\/blog\/reportaje-fotos-hermanas\/#una-doble-sesion-de-fotos-de-embarazadas\" >Una doble sesi\u00f3n de fotos de embarazadas<\/a><\/li><li class='ez-toc-page-1 ez-toc-heading-level-2'><a class=\"ez-toc-link ez-toc-heading-2\" href=\"https:\/\/www.carmedeolazabal.cat\/es\/blog\/reportaje-fotos-hermanas\/#asi-fue-la-sesion-de-hermanas\" >As\u00ed fue la sesi\u00f3n de hermanas<\/a><\/li><li class='ez-toc-page-1 ez-toc-heading-level-2'><a class=\"ez-toc-link ez-toc-heading-3\" href=\"https:\/\/www.carmedeolazabal.cat\/es\/blog\/reportaje-fotos-hermanas\/#un-reportaje-de-hermanas-unico-como-ellas\" >Un reportaje de hermanas \u00fanico como ellas<\/a><\/li><\/ul><\/nav><\/div>\n\n<p>Hace ya unos meses, Marta contact\u00f3 conmigo para venir a hacer una sesi\u00f3n de <a href=\"https:\/\/www.carmedeolazabal.cat\/es\/sesiones-fotos\/embarazadas\/\" data-type=\"page\" data-id=\"14870\">fotos de embarazo<\/a> para ella y Oriol, su pareja, que se hab\u00edan regalado para los Reyes. Hasta aqu\u00ed todo normal. Entonces me plantearon un nuevo regalo que quer\u00edan encargarme para su hermana Anna, \u00a1que tambi\u00e9n estaba embarazada!.<\/p>\n\n\n\n<p>Marta ten\u00eda previsto tener a Pol a finales de marzo y Anna a Aina hacia el 20 de abril. \u00a1Una fant\u00e1stica casualidad de pel\u00edcula! Se ven\u00eda un <strong>reportaje de fotos para hermanas<\/strong>, pero <strong>embarazadas<\/strong>.<\/p>\n\n\n\n<h2 class=\"wp-block-heading\"><span class=\"ez-toc-section\" id=\"una-doble-sesion-de-fotos-de-embarazadas\"><\/span>Una doble sesi\u00f3n de fotos de embarazadas<span class=\"ez-toc-section-end\"><\/span><\/h2>\n\n\n\n<p>Encontr\u00e9 super especial que pudiesen compartir una <strong>sesi\u00f3n de fotos de hermanas<\/strong> en un momento m\u00e1gico para ambas. As\u00ed que preparar\u00e9 con mucha emoci\u00f3n el <a href=\"https:\/\/www.carmedeolazabal.cat\/es\/regalar-sesion-fotos-barcelona\/\" data-type=\"page\" data-id=\"17137\">Vale Regalo<\/a> para que contactasen conmigo sobre la semana 30 del embarazo de la primera que iba a cumplir.<\/p>\n\n\n<div class=\"wp-block-image\">\n<figure class=\"aligncenter size-full\"><img loading=\"lazy\" decoding=\"async\" width=\"1024\" height=\"684\" src=\"https:\/\/www.carmedeolazabal.cat\/wp-content\/uploads\/2018\/04\/reportaje-fotografico-hermanas-embarazadas.webp\" alt=\"reportaje fotografico hermanas embarazadas\" class=\"wp-image-17217\" title=\"\" srcset=\"https:\/\/www.carmedeolazabal.cat\/wp-content\/uploads\/2018\/04\/reportaje-fotografico-hermanas-embarazadas.webp 1024w, https:\/\/www.carmedeolazabal.cat\/wp-content\/uploads\/2018\/04\/reportaje-fotografico-hermanas-embarazadas-300x200.webp 300w, https:\/\/www.carmedeolazabal.cat\/wp-content\/uploads\/2018\/04\/reportaje-fotografico-hermanas-embarazadas-768x513.webp 768w, https:\/\/www.carmedeolazabal.cat\/wp-content\/uploads\/2018\/04\/reportaje-fotografico-hermanas-embarazadas-938x627.webp 938w\" sizes=\"auto, (max-width: 1024px) 100vw, 1024px\" \/><\/figure>\n<\/div>\n\n\n<h2 class=\"wp-block-heading\"><span class=\"ez-toc-section\" id=\"asi-fue-la-sesion-de-hermanas\"><\/span>As\u00ed fue la sesi\u00f3n de hermanas<span class=\"ez-toc-section-end\"><\/span><\/h2>\n\n\n\n<p>Contactaron conmigo y programamos la fecha para el 17 de marzo. Como siempre, antes de que veng\u00e1is comentamos un poco el tipo de fotos que os har\u00e9 y el tipo de vestuario que tengo y el que pod\u00e9is traer. As\u00ed como detallitos en este caso del peque que vendr\u00e1 y que os hace ilusi\u00f3n que puedan salir en las fotos. Normalmente a las futuras mamis os recomiendo que os pong\u00e1is ropa lisa, sin estampados, ya que de esta manera vuestra barriga se podr\u00e1 apreciar mejor.<\/p>\n\n\n\n<p>A Marta y a Anna les ped\u00ed que trajesen un top corto del mismo color y un pantal\u00f3n con el que se encontrasen c\u00f3modas y que tambi\u00e9n fuera similar.<\/p>\n\n\n<div class=\"wp-block-image\">\n<figure class=\"aligncenter size-full\"><img loading=\"lazy\" decoding=\"async\" width=\"1024\" height=\"684\" src=\"https:\/\/www.carmedeolazabal.cat\/wp-content\/uploads\/2018\/04\/sesion-fotos-hermanas-embarazadas.webp\" alt=\"sesion fotos hermanas embarazadas\" class=\"wp-image-17219\" title=\"\" srcset=\"https:\/\/www.carmedeolazabal.cat\/wp-content\/uploads\/2018\/04\/sesion-fotos-hermanas-embarazadas.webp 1024w, https:\/\/www.carmedeolazabal.cat\/wp-content\/uploads\/2018\/04\/sesion-fotos-hermanas-embarazadas-300x200.webp 300w, https:\/\/www.carmedeolazabal.cat\/wp-content\/uploads\/2018\/04\/sesion-fotos-hermanas-embarazadas-768x513.webp 768w, https:\/\/www.carmedeolazabal.cat\/wp-content\/uploads\/2018\/04\/sesion-fotos-hermanas-embarazadas-938x627.webp 938w\" sizes=\"auto, (max-width: 1024px) 100vw, 1024px\" \/><\/figure>\n<\/div>\n\n\n<h2 class=\"wp-block-heading\"><span class=\"ez-toc-section\" id=\"un-reportaje-de-hermanas-unico-como-ellas\"><\/span>Un reportaje de hermanas \u00fanico como ellas<span class=\"ez-toc-section-end\"><\/span><\/h2>\n\n\n\n<p>Un tipo de reportaje como este es muy bonito y tierno. No solo porque fuera un <strong>reportaje de hermanas<\/strong>. Es un momento \u00fanico para cada mujer que dura unos pocos meses. En este caso, estas <strong>dos hermanas<\/strong> han tenido la suerte de compartir esta experiencia juntas y tendr\u00e1n estas im\u00e1genes para recordar siempre.<\/p>\n\n\n\n<p>En la sesi\u00f3n tambi\u00e9n participaron los futuros pap\u00e1s y Marc, el hermano mayor de Aina, que disfrut\u00f3 especialmente dibujando en la barriga de su mam\u00e1 y de su t\u00eda.<\/p>\n\n\n\n<p>Las dos se llevaron a casa un coj\u00edn personalizado con el nombre del beb\u00e9 que les servir\u00e1 para completar la decoraci\u00f3n de la habitaci\u00f3n nueva. Y este coj\u00edn tambi\u00e9n lo a\u00f1adieron como atrezzo en las fotos de la sesi\u00f3n.<br><br>Muchas gracias por venir familia, disfrut\u00e9 much\u00edsimo con vosotros de esta sesi\u00f3n de pel\u00edcula, espero que vosotros tambi\u00e9n.<\/p>\n","protected":false},"excerpt":{"rendered":"<p>Hace ya unos meses, Marta contact\u00f3 conmigo para venir a hacer una sesi\u00f3n de fotos de embarazo para ella y Oriol, su pareja, que se [&hellip;]<\/p>\n","protected":false},"author":5,"featured_media":16394,"comment_status":"closed","ping_status":"closed","sticky":false,"template":"","format":"standard","meta":{"_uag_custom_page_level_css":"","_joinchat":[],"footnotes":""},"categories":[2],"tags":[],"class_list":["post-13490","post","type-post","status-publish","format-standard","has-post-thumbnail","hentry","category-noticias"],"uagb_featured_image_src":{"full":["https:\/\/www.carmedeolazabal.cat\/wp-content\/uploads\/2024\/05\/sesion-fotos-embarazadas-hermanas-webp.webp",900,600,false],"thumbnail":["https:\/\/www.carmedeolazabal.cat\/wp-content\/uploads\/2024\/05\/sesion-fotos-embarazadas-hermanas-webp-150x150.webp",150,150,true],"medium":["https:\/\/www.carmedeolazabal.cat\/wp-content\/uploads\/2024\/05\/sesion-fotos-embarazadas-hermanas-webp-300x200.webp",300,200,true],"medium_large":["https:\/\/www.carmedeolazabal.cat\/wp-content\/uploads\/2024\/05\/sesion-fotos-embarazadas-hermanas-webp-768x512.webp",768,512,true],"large":["https:\/\/www.carmedeolazabal.cat\/wp-content\/uploads\/2024\/05\/sesion-fotos-embarazadas-hermanas-webp.webp",900,600,false],"1536x1536":["https:\/\/www.carmedeolazabal.cat\/wp-content\/uploads\/2024\/05\/sesion-fotos-embarazadas-hermanas-webp.webp",900,600,false],"2048x2048":["https:\/\/www.carmedeolazabal.cat\/wp-content\/uploads\/2024\/05\/sesion-fotos-embarazadas-hermanas-webp.webp",900,600,false],"ultp_layout_landscape_large":["https:\/\/www.carmedeolazabal.cat\/wp-content\/uploads\/2024\/05\/sesion-fotos-embarazadas-hermanas-webp.webp",900,600,false],"ultp_layout_landscape":["https:\/\/www.carmedeolazabal.cat\/wp-content\/uploads\/2024\/05\/sesion-fotos-embarazadas-hermanas-webp.webp",855,570,false],"ultp_layout_portrait":["https:\/\/www.carmedeolazabal.cat\/wp-content\/uploads\/2024\/05\/sesion-fotos-embarazadas-hermanas-webp.webp",600,400,false],"ultp_layout_square":["https:\/\/www.carmedeolazabal.cat\/wp-content\/uploads\/2024\/05\/sesion-fotos-embarazadas-hermanas-webp.webp",600,400,false],"authorship-box-avatar":["https:\/\/www.carmedeolazabal.cat\/wp-content\/uploads\/2024\/05\/sesion-fotos-embarazadas-hermanas-webp.webp",150,100,false],"authorship-box-related":["https:\/\/www.carmedeolazabal.cat\/wp-content\/uploads\/2024\/05\/sesion-fotos-embarazadas-hermanas-webp.webp",70,47,false],"post-thumbnail":["https:\/\/www.carmedeolazabal.cat\/wp-content\/uploads\/2024\/05\/sesion-fotos-embarazadas-hermanas-webp.webp",900,600,false],"getwid_base-cropped":["https:\/\/www.carmedeolazabal.cat\/wp-content\/uploads\/2024\/05\/sesion-fotos-embarazadas-hermanas-webp-900x552.webp",900,552,true],"getwid_base-large":["https:\/\/www.carmedeolazabal.cat\/wp-content\/uploads\/2024\/05\/sesion-fotos-embarazadas-hermanas-webp.webp",900,600,false]},"uagb_author_info":{"display_name":"Carme De Olazabal","author_link":"https:\/\/www.carmedeolazabal.cat\/es\/author\/carme\/"},"uagb_comment_info":0,"uagb_excerpt":"Hace ya unos meses, Marta contact\u00f3 conmigo para venir a hacer una sesi\u00f3n de fotos de embarazo para ella y Oriol, su pareja, que se [&hellip;]","rttpg_featured_image_url":{"full":["https:\/\/www.carmedeolazabal.cat\/wp-content\/uploads\/2024\/05\/sesion-fotos-embarazadas-hermanas-webp.webp",900,600,false],"landscape":["https:\/\/www.carmedeolazabal.cat\/wp-content\/uploads\/2024\/05\/sesion-fotos-embarazadas-hermanas-webp.webp",900,600,false],"portraits":["https:\/\/www.carmedeolazabal.cat\/wp-content\/uploads\/2024\/05\/sesion-fotos-embarazadas-hermanas-webp.webp",900,600,false],"thumbnail":["https:\/\/www.carmedeolazabal.cat\/wp-content\/uploads\/2024\/05\/sesion-fotos-embarazadas-hermanas-webp-150x150.webp",150,150,true],"medium":["https:\/\/www.carmedeolazabal.cat\/wp-content\/uploads\/2024\/05\/sesion-fotos-embarazadas-hermanas-webp-300x200.webp",300,200,true],"large":["https:\/\/www.carmedeolazabal.cat\/wp-content\/uploads\/2024\/05\/sesion-fotos-embarazadas-hermanas-webp.webp",900,600,false],"1536x1536":["https:\/\/www.carmedeolazabal.cat\/wp-content\/uploads\/2024\/05\/sesion-fotos-embarazadas-hermanas-webp.webp",900,600,false],"2048x2048":["https:\/\/www.carmedeolazabal.cat\/wp-content\/uploads\/2024\/05\/sesion-fotos-embarazadas-hermanas-webp.webp",900,600,false],"ultp_layout_landscape_large":["https:\/\/www.carmedeolazabal.cat\/wp-content\/uploads\/2024\/05\/sesion-fotos-embarazadas-hermanas-webp.webp",900,600,false],"ultp_layout_landscape":["https:\/\/www.carmedeolazabal.cat\/wp-content\/uploads\/2024\/05\/sesion-fotos-embarazadas-hermanas-webp.webp",855,570,false],"ultp_layout_portrait":["https:\/\/www.carmedeolazabal.cat\/wp-content\/uploads\/2024\/05\/sesion-fotos-embarazadas-hermanas-webp.webp",600,400,false],"ultp_layout_square":["https:\/\/www.carmedeolazabal.cat\/wp-content\/uploads\/2024\/05\/sesion-fotos-embarazadas-hermanas-webp.webp",600,400,false],"authorship-box-avatar":["https:\/\/www.carmedeolazabal.cat\/wp-content\/uploads\/2024\/05\/sesion-fotos-embarazadas-hermanas-webp.webp",150,100,false],"authorship-box-related":["https:\/\/www.carmedeolazabal.cat\/wp-content\/uploads\/2024\/05\/sesion-fotos-embarazadas-hermanas-webp.webp",70,47,false],"post-thumbnail":["https:\/\/www.carmedeolazabal.cat\/wp-content\/uploads\/2024\/05\/sesion-fotos-embarazadas-hermanas-webp.webp",900,600,false],"getwid_base-cropped":["https:\/\/www.carmedeolazabal.cat\/wp-content\/uploads\/2024\/05\/sesion-fotos-embarazadas-hermanas-webp-900x552.webp",900,552,true],"getwid_base-large":["https:\/\/www.carmedeolazabal.cat\/wp-content\/uploads\/2024\/05\/sesion-fotos-embarazadas-hermanas-webp.webp",900,600,false]},"rttpg_author":{"display_name":"Carme De Olazabal","author_link":"https:\/\/www.carmedeolazabal.cat\/es\/author\/carme\/"},"rttpg_comment":0,"rttpg_category":"<a href=\"https:\/\/www.carmedeolazabal.cat\/es\/noticias\/\" rel=\"category tag\">blog<\/a>","rttpg_excerpt":"Hace ya unos meses, Marta contact\u00f3 conmigo para venir a hacer una sesi\u00f3n de fotos de embarazo para ella y Oriol, su pareja, que se [&hellip;]","_links":{"self":[{"href":"https:\/\/www.carmedeolazabal.cat\/es\/wp-json\/wp\/v2\/posts\/13490","targetHints":{"allow":["GET"]}}],"collection":[{"href":"https:\/\/www.carmedeolazabal.cat\/es\/wp-json\/wp\/v2\/posts"}],"about":[{"href":"https:\/\/www.carmedeolazabal.cat\/es\/wp-json\/wp\/v2\/types\/post"}],"author":[{"embeddable":true,"href":"https:\/\/www.carmedeolazabal.cat\/es\/wp-json\/wp\/v2\/users\/5"}],"replies":[{"embeddable":true,"href":"https:\/\/www.carmedeolazabal.cat\/es\/wp-json\/wp\/v2\/comments?post=13490"}],"version-history":[{"count":8,"href":"https:\/\/www.carmedeolazabal.cat\/es\/wp-json\/wp\/v2\/posts\/13490\/revisions"}],"predecessor-version":[{"id":17860,"href":"https:\/\/www.carmedeolazabal.cat\/es\/wp-json\/wp\/v2\/posts\/13490\/revisions\/17860"}],"wp:featuredmedia":[{"embeddable":true,"href":"https:\/\/www.carmedeolazabal.cat\/es\/wp-json\/wp\/v2\/media\/16394"}],"wp:attachment":[{"href":"https:\/\/www.carmedeolazabal.cat\/es\/wp-json\/wp\/v2\/media?parent=13490"}],"wp:term":[{"taxonomy":"category","embeddable":true,"href":"https:\/\/www.carmedeolazabal.cat\/es\/wp-json\/wp\/v2\/categories?post=13490"},{"taxonomy":"post_tag","embeddable":true,"href":"https:\/\/www.carmedeolazabal.cat\/es\/wp-json\/wp\/v2\/tags?post=13490"}],"curies":[{"name":"wp","href":"https:\/\/api.w.org\/{rel}","templated":true}]}}