{"id":13668,"date":"2018-06-27T11:09:52","date_gmt":"2018-06-27T11:09:52","guid":{"rendered":"https:\/\/www.carmedeolazabal.cat\/?p=13668\/"},"modified":"2024-06-28T12:10:09","modified_gmt":"2024-06-28T10:10:09","slug":"biel-maria-celebran-primer-cumpleanos","status":"publish","type":"post","link":"https:\/\/www.carmedeolazabal.cat\/es\/blog\/biel-maria-celebran-primer-cumpleanos\/","title":{"rendered":"Biel y Maria celebran su primer Cumplea\u00f1os con nosotros"},"content":{"rendered":"<div id=\"ez-toc-container\" class=\"ez-toc-v2_0_80 ez-toc-wrap-center counter-hierarchy ez-toc-counter ez-toc-custom ez-toc-container-direction\">\n<div class=\"ez-toc-title-container\">\n<p class=\"ez-toc-title\" style=\"cursor:inherit\">Contenido de la publicaci\u00f3n<\/p>\n<span class=\"ez-toc-title-toggle\"><\/span><\/div>\n<nav><ul class='ez-toc-list ez-toc-list-level-1 ' ><li class='ez-toc-page-1 ez-toc-heading-level-2'><a class=\"ez-toc-link ez-toc-heading-1\" href=\"https:\/\/www.carmedeolazabal.cat\/es\/blog\/biel-maria-celebran-primer-cumpleanos\/#los-preparativos\" >Los preparativos<\/a><\/li><li class='ez-toc-page-1 ez-toc-heading-level-2'><a class=\"ez-toc-link ez-toc-heading-2\" href=\"https:\/\/www.carmedeolazabal.cat\/es\/blog\/biel-maria-celebran-primer-cumpleanos\/#el-pastel\" >El pastel<\/a><\/li><li class='ez-toc-page-1 ez-toc-heading-level-2'><a class=\"ez-toc-link ez-toc-heading-3\" href=\"https:\/\/www.carmedeolazabal.cat\/es\/blog\/biel-maria-celebran-primer-cumpleanos\/#la-ropa-que-debeis-traer-a-la-sesion\" >La ropa que deb\u00e9is traer a la sesi\u00f3n<\/a><\/li><li class='ez-toc-page-1 ez-toc-heading-level-2'><a class=\"ez-toc-link ez-toc-heading-4\" href=\"https:\/\/www.carmedeolazabal.cat\/es\/blog\/biel-maria-celebran-primer-cumpleanos\/#%c2%bfcuanto-dura\" >\u00bfCu\u00e1nto dura?<\/a><\/li><li class='ez-toc-page-1 ez-toc-heading-level-2'><a class=\"ez-toc-link ez-toc-heading-5\" href=\"https:\/\/www.carmedeolazabal.cat\/es\/blog\/biel-maria-celebran-primer-cumpleanos\/#acabados-a-escoger\" >Acabados a escoger<\/a><\/li><\/ul><\/nav><\/div>\n\n<p>Mar\u00eda y Biel, dos gemelos ni\u00f1o y ni\u00f1a, preparan su PRIMER CUMPLEA\u00d1OS. Uno de los regalos que les hac\u00eda ilusi\u00f3n a sus pap\u00e1s, es que disfrutasen de la sesi\u00f3n de fotos por excelencia con pastel de celebraci\u00f3n, la <a href=\"https:\/\/www.carmedeolazabal.cat\/es\/sesiones-fotos\/smash-cake\/\">sesi\u00f3n Smash Cake.<\/a><\/p>\n\n\n\n<p>Este tipo de reportaje es de origen americano y tiene un objetivo muy claro, que el peque\u00f1o disfrute de un buen rato con nosotros, el decorado de su primera fiesta infantil y su primer pastel de cumplea\u00f1os.<\/p>\n\n\n\n<p>\u00bfOs gustan las fiestas infantiles? \u00bfVuestro ni\u00f1o\/a cumplir\u00e1 1,2 o 3 a\u00f1itos pr\u00f3ximamente?<\/p>\n\n\n\n<p>Esta experiencia fotogr\u00e1fica es \u00fanica e inolvidable. Lo que buscamos es que nuestro peque\u00f1o protagonista disfrute de esta nueva experiencia para \u00e9l y los fot\u00f3grafos buscamos inmortalizar esos momentos m\u00e1gicos y divertidos.<\/p>\n\n\n\n<h2 class=\"wp-block-heading\"><span class=\"ez-toc-section\" id=\"los-preparativos\"><\/span>Los preparativos<span class=\"ez-toc-section-end\"><\/span><\/h2>\n\n\n\n<p>La preparaci\u00f3n de esta sesi\u00f3n es muy importante. Primero tengo que concretar la edad del protagonista. A partir de aqu\u00ed pienso en el tipo de decorado que quiero para su peque\u00f1a fiesta, con globos, guirlandas, caramelos&#8230; y por \u00faltimo encargo el pastel personalizado, con los colores del decorado y el n\u00famero de a\u00f1os que cumple el ni\u00f1o\/a.<\/p>\n\n\n\n<h2 class=\"wp-block-heading\"><span class=\"ez-toc-section\" id=\"el-pastel\"><\/span>El pastel<span class=\"ez-toc-section-end\"><\/span><\/h2>\n\n\n\n<p>El pastel que nos prepara la pastelera es como una madalena gigante personalizada para ellos y que despu\u00e9s pod\u00e9is llevaros a casa en su caja (si os queda alg\u00fan trozo entero).<\/p>\n\n\n<div class=\"wp-block-image\">\n<figure class=\"aligncenter size-full\"><img loading=\"lazy\" decoding=\"async\" width=\"682\" height=\"1024\" src=\"https:\/\/www.carmedeolazabal.cat\/wp-content\/uploads\/2018\/06\/sesion-fotos-primer-cumpleanos.webp\" alt=\"sesion fotos primer cumpleanos\" class=\"wp-image-17208\" title=\"\" srcset=\"https:\/\/www.carmedeolazabal.cat\/wp-content\/uploads\/2018\/06\/sesion-fotos-primer-cumpleanos.webp 682w, https:\/\/www.carmedeolazabal.cat\/wp-content\/uploads\/2018\/06\/sesion-fotos-primer-cumpleanos-200x300.webp 200w\" sizes=\"auto, (max-width: 682px) 100vw, 682px\" \/><\/figure>\n<\/div>\n\n\n<p>Uno de los temas que es conveniente que nos inform\u00e9is a qui\u00e9n os prepara este reportaje, es si vuestro hijo\/a tiene alg\u00fan tipo de alergia o intolerancia con alguno de los ingredientes o productos que tiene el pastel y que podamos prever con antelaci\u00f3n para informar a la pastelera.<\/p>\n\n\n\n<h2 class=\"wp-block-heading\"><span class=\"ez-toc-section\" id=\"la-ropa-que-debeis-traer-a-la-sesion\"><\/span>La ropa que deb\u00e9is traer a la sesi\u00f3n<span class=\"ez-toc-section-end\"><\/span><\/h2>\n\n\n\n<p>El tipo de vestuario que pod\u00e9is traer es un punto que os genera dudas. Para escoger la ropa del bebe es importante tener en cuenta que se manchar\u00e1 mucho durante la sesi\u00f3n. Normalmente os recomiendo que vaya desnudo de cintura para arriba. Si es ni\u00f1a tengo tut\u00fas para vestirla para la sesi\u00f3n. Si es ni\u00f1o pod\u00e9is traerle una bermuda o un pantal\u00f3n.<\/p>\n\n\n<div class=\"wp-block-image\">\n<figure class=\"aligncenter size-full\"><img loading=\"lazy\" decoding=\"async\" width=\"682\" height=\"1024\" src=\"https:\/\/www.carmedeolazabal.cat\/wp-content\/uploads\/2018\/06\/sesion-fotos-para-primer-cumpleanos.webp\" alt=\"sesion fotos para primer cumpleanos\" class=\"wp-image-17210\" title=\"\" srcset=\"https:\/\/www.carmedeolazabal.cat\/wp-content\/uploads\/2018\/06\/sesion-fotos-para-primer-cumpleanos.webp 682w, https:\/\/www.carmedeolazabal.cat\/wp-content\/uploads\/2018\/06\/sesion-fotos-para-primer-cumpleanos-200x300.webp 200w\" sizes=\"auto, (max-width: 682px) 100vw, 682px\" \/><\/figure>\n<\/div>\n\n\n<p>En algunos casos os puede hacer ilusi\u00f3n vestirlos con un disfraz especial para la ocasi\u00f3n, pero ten\u00e9is que tener en cuenta que acabar\u00e1 muy manchada<\/p>\n\n\n\n<p>En el estudio tengo otros complementos o atrezzo como cintas para el pelo, gorras o diademas que tambi\u00e9n podr\u00e9is utilizar y le dar\u00e1n un toque especial a nuestro conjunto.<\/p>\n\n\n\n<h2 class=\"wp-block-heading\"><span class=\"ez-toc-section\" id=\"%c2%bfcuanto-dura\"><\/span>\u00bfCu\u00e1nto dura?<span class=\"ez-toc-section-end\"><\/span><\/h2>\n\n\n\n<p>Este tipo de reportaje es largo y es muy habitual que os pida que os reserv\u00e9is una ma\u00f1ana o una tarde entera para venir a mi Estudio a disfrutar de esta experiencia con vuestro bebe.<\/p>\n\n\n\n<h2 class=\"wp-block-heading\"><span class=\"ez-toc-section\" id=\"acabados-a-escoger\"><\/span>Acabados a escoger<span class=\"ez-toc-section-end\"><\/span><\/h2>\n\n\n\n<p>Con el resultado de las fotos que os entregue, pod\u00e9is encargarme un fant\u00e1stico \u00e1lbum personalizado o otros tipos de acabados. En este caso, los papas de Biel y Mar\u00eda han aprovechado para hacer unos imanes personalizados mon\u00edsimos para regalar a los familiares y amigos cercanos con los que celebraran este cumplea\u00f1os tan especial.<\/p>\n\n\n\n<p>Gracias por venir familia, os espero pronto.<\/p>\n","protected":false},"excerpt":{"rendered":"<p>Mar\u00eda y Biel, dos gemelos ni\u00f1o y ni\u00f1a, preparan su PRIMER CUMPLEA\u00d1OS. Uno de los regalos que les hac\u00eda ilusi\u00f3n a sus pap\u00e1s, es que [&hellip;]<\/p>\n","protected":false},"author":5,"featured_media":16466,"comment_status":"open","ping_status":"closed","sticky":false,"template":"","format":"standard","meta":{"_uag_custom_page_level_css":"","_joinchat":[],"footnotes":""},"categories":[2],"tags":[],"class_list":["post-13668","post","type-post","status-publish","format-standard","has-post-thumbnail","hentry","category-noticias"],"uagb_featured_image_src":{"full":["https:\/\/www.carmedeolazabal.cat\/wp-content\/uploads\/2024\/06\/sesiones-fotos-celebrar-primer-cumpleanos.webp",900,599,false],"thumbnail":["https:\/\/www.carmedeolazabal.cat\/wp-content\/uploads\/2024\/06\/sesiones-fotos-celebrar-primer-cumpleanos-150x150.webp",150,150,true],"medium":["https:\/\/www.carmedeolazabal.cat\/wp-content\/uploads\/2024\/06\/sesiones-fotos-celebrar-primer-cumpleanos-300x200.webp",300,200,true],"medium_large":["https:\/\/www.carmedeolazabal.cat\/wp-content\/uploads\/2024\/06\/sesiones-fotos-celebrar-primer-cumpleanos-768x511.webp",768,511,true],"large":["https:\/\/www.carmedeolazabal.cat\/wp-content\/uploads\/2024\/06\/sesiones-fotos-celebrar-primer-cumpleanos.webp",900,599,false],"1536x1536":["https:\/\/www.carmedeolazabal.cat\/wp-content\/uploads\/2024\/06\/sesiones-fotos-celebrar-primer-cumpleanos.webp",900,599,false],"2048x2048":["https:\/\/www.carmedeolazabal.cat\/wp-content\/uploads\/2024\/06\/sesiones-fotos-celebrar-primer-cumpleanos.webp",900,599,false],"ultp_layout_landscape_large":["https:\/\/www.carmedeolazabal.cat\/wp-content\/uploads\/2024\/06\/sesiones-fotos-celebrar-primer-cumpleanos.webp",900,599,false],"ultp_layout_landscape":["https:\/\/www.carmedeolazabal.cat\/wp-content\/uploads\/2024\/06\/sesiones-fotos-celebrar-primer-cumpleanos.webp",856,570,false],"ultp_layout_portrait":["https:\/\/www.carmedeolazabal.cat\/wp-content\/uploads\/2024\/06\/sesiones-fotos-celebrar-primer-cumpleanos.webp",600,399,false],"ultp_layout_square":["https:\/\/www.carmedeolazabal.cat\/wp-content\/uploads\/2024\/06\/sesiones-fotos-celebrar-primer-cumpleanos.webp",600,399,false],"authorship-box-avatar":["https:\/\/www.carmedeolazabal.cat\/wp-content\/uploads\/2024\/06\/sesiones-fotos-celebrar-primer-cumpleanos.webp",150,100,false],"authorship-box-related":["https:\/\/www.carmedeolazabal.cat\/wp-content\/uploads\/2024\/06\/sesiones-fotos-celebrar-primer-cumpleanos.webp",70,47,false],"post-thumbnail":["https:\/\/www.carmedeolazabal.cat\/wp-content\/uploads\/2024\/06\/sesiones-fotos-celebrar-primer-cumpleanos.webp",900,599,false],"getwid_base-cropped":["https:\/\/www.carmedeolazabal.cat\/wp-content\/uploads\/2024\/06\/sesiones-fotos-celebrar-primer-cumpleanos-900x552.webp",900,552,true],"getwid_base-large":["https:\/\/www.carmedeolazabal.cat\/wp-content\/uploads\/2024\/06\/sesiones-fotos-celebrar-primer-cumpleanos.webp",900,599,false]},"uagb_author_info":{"display_name":"Carme De Olazabal","author_link":"https:\/\/www.carmedeolazabal.cat\/es\/author\/carme\/"},"uagb_comment_info":0,"uagb_excerpt":"Mar\u00eda y Biel, dos gemelos ni\u00f1o y ni\u00f1a, preparan su PRIMER CUMPLEA\u00d1OS. Uno de los regalos que les hac\u00eda ilusi\u00f3n a sus pap\u00e1s, es que [&hellip;]","rttpg_featured_image_url":{"full":["https:\/\/www.carmedeolazabal.cat\/wp-content\/uploads\/2024\/06\/sesiones-fotos-celebrar-primer-cumpleanos.webp",900,599,false],"landscape":["https:\/\/www.carmedeolazabal.cat\/wp-content\/uploads\/2024\/06\/sesiones-fotos-celebrar-primer-cumpleanos.webp",900,599,false],"portraits":["https:\/\/www.carmedeolazabal.cat\/wp-content\/uploads\/2024\/06\/sesiones-fotos-celebrar-primer-cumpleanos.webp",900,599,false],"thumbnail":["https:\/\/www.carmedeolazabal.cat\/wp-content\/uploads\/2024\/06\/sesiones-fotos-celebrar-primer-cumpleanos-150x150.webp",150,150,true],"medium":["https:\/\/www.carmedeolazabal.cat\/wp-content\/uploads\/2024\/06\/sesiones-fotos-celebrar-primer-cumpleanos-300x200.webp",300,200,true],"large":["https:\/\/www.carmedeolazabal.cat\/wp-content\/uploads\/2024\/06\/sesiones-fotos-celebrar-primer-cumpleanos.webp",900,599,false],"1536x1536":["https:\/\/www.carmedeolazabal.cat\/wp-content\/uploads\/2024\/06\/sesiones-fotos-celebrar-primer-cumpleanos.webp",900,599,false],"2048x2048":["https:\/\/www.carmedeolazabal.cat\/wp-content\/uploads\/2024\/06\/sesiones-fotos-celebrar-primer-cumpleanos.webp",900,599,false],"ultp_layout_landscape_large":["https:\/\/www.carmedeolazabal.cat\/wp-content\/uploads\/2024\/06\/sesiones-fotos-celebrar-primer-cumpleanos.webp",900,599,false],"ultp_layout_landscape":["https:\/\/www.carmedeolazabal.cat\/wp-content\/uploads\/2024\/06\/sesiones-fotos-celebrar-primer-cumpleanos.webp",856,570,false],"ultp_layout_portrait":["https:\/\/www.carmedeolazabal.cat\/wp-content\/uploads\/2024\/06\/sesiones-fotos-celebrar-primer-cumpleanos.webp",600,399,false],"ultp_layout_square":["https:\/\/www.carmedeolazabal.cat\/wp-content\/uploads\/2024\/06\/sesiones-fotos-celebrar-primer-cumpleanos.webp",600,399,false],"authorship-box-avatar":["https:\/\/www.carmedeolazabal.cat\/wp-content\/uploads\/2024\/06\/sesiones-fotos-celebrar-primer-cumpleanos.webp",150,100,false],"authorship-box-related":["https:\/\/www.carmedeolazabal.cat\/wp-content\/uploads\/2024\/06\/sesiones-fotos-celebrar-primer-cumpleanos.webp",70,47,false],"post-thumbnail":["https:\/\/www.carmedeolazabal.cat\/wp-content\/uploads\/2024\/06\/sesiones-fotos-celebrar-primer-cumpleanos.webp",900,599,false],"getwid_base-cropped":["https:\/\/www.carmedeolazabal.cat\/wp-content\/uploads\/2024\/06\/sesiones-fotos-celebrar-primer-cumpleanos-900x552.webp",900,552,true],"getwid_base-large":["https:\/\/www.carmedeolazabal.cat\/wp-content\/uploads\/2024\/06\/sesiones-fotos-celebrar-primer-cumpleanos.webp",900,599,false]},"rttpg_author":{"display_name":"Carme De Olazabal","author_link":"https:\/\/www.carmedeolazabal.cat\/es\/author\/carme\/"},"rttpg_comment":0,"rttpg_category":"<a href=\"https:\/\/www.carmedeolazabal.cat\/es\/noticias\/\" rel=\"category tag\">blog<\/a>","rttpg_excerpt":"Mar\u00eda y Biel, dos gemelos ni\u00f1o y ni\u00f1a, preparan su PRIMER CUMPLEA\u00d1OS. Uno de los regalos que les hac\u00eda ilusi\u00f3n a sus pap\u00e1s, es que [&hellip;]","_links":{"self":[{"href":"https:\/\/www.carmedeolazabal.cat\/es\/wp-json\/wp\/v2\/posts\/13668","targetHints":{"allow":["GET"]}}],"collection":[{"href":"https:\/\/www.carmedeolazabal.cat\/es\/wp-json\/wp\/v2\/posts"}],"about":[{"href":"https:\/\/www.carmedeolazabal.cat\/es\/wp-json\/wp\/v2\/types\/post"}],"author":[{"embeddable":true,"href":"https:\/\/www.carmedeolazabal.cat\/es\/wp-json\/wp\/v2\/users\/5"}],"replies":[{"embeddable":true,"href":"https:\/\/www.carmedeolazabal.cat\/es\/wp-json\/wp\/v2\/comments?post=13668"}],"version-history":[{"count":5,"href":"https:\/\/www.carmedeolazabal.cat\/es\/wp-json\/wp\/v2\/posts\/13668\/revisions"}],"predecessor-version":[{"id":17820,"href":"https:\/\/www.carmedeolazabal.cat\/es\/wp-json\/wp\/v2\/posts\/13668\/revisions\/17820"}],"wp:featuredmedia":[{"embeddable":true,"href":"https:\/\/www.carmedeolazabal.cat\/es\/wp-json\/wp\/v2\/media\/16466"}],"wp:attachment":[{"href":"https:\/\/www.carmedeolazabal.cat\/es\/wp-json\/wp\/v2\/media?parent=13668"}],"wp:term":[{"taxonomy":"category","embeddable":true,"href":"https:\/\/www.carmedeolazabal.cat\/es\/wp-json\/wp\/v2\/categories?post=13668"},{"taxonomy":"post_tag","embeddable":true,"href":"https:\/\/www.carmedeolazabal.cat\/es\/wp-json\/wp\/v2\/tags?post=13668"}],"curies":[{"name":"wp","href":"https:\/\/api.w.org\/{rel}","templated":true}]}}