{"id":14630,"date":"2021-04-08T10:25:52","date_gmt":"2021-04-08T10:25:52","guid":{"rendered":"https:\/\/www.carmedeolazabal.cat\/?p=14630\/"},"modified":"2024-06-28T12:10:02","modified_gmt":"2024-06-28T10:10:02","slug":"la-fotografia-una-filosofia-llena-de-arte","status":"publish","type":"post","link":"https:\/\/www.carmedeolazabal.cat\/es\/blog\/la-fotografia-una-filosofia-llena-de-arte\/","title":{"rendered":"La fotograf\u00eda: Una filosof\u00eda llena de arte"},"content":{"rendered":"<div id=\"ez-toc-container\" class=\"ez-toc-v2_0_80 ez-toc-wrap-center counter-hierarchy ez-toc-counter ez-toc-custom ez-toc-container-direction\">\n<div class=\"ez-toc-title-container\">\n<p class=\"ez-toc-title\" style=\"cursor:inherit\">Contenido de la publicaci\u00f3n<\/p>\n<span class=\"ez-toc-title-toggle\"><\/span><\/div>\n<nav><ul class='ez-toc-list ez-toc-list-level-1 ' ><li class='ez-toc-page-1 ez-toc-heading-level-2'><a class=\"ez-toc-link ez-toc-heading-1\" href=\"https:\/\/www.carmedeolazabal.cat\/es\/blog\/la-fotografia-una-filosofia-llena-de-arte\/#el-covid19-lo-ha-cambiado-todo\" >El COVID19 lo ha cambiado todo<\/a><\/li><li class='ez-toc-page-1 ez-toc-heading-level-2'><a class=\"ez-toc-link ez-toc-heading-2\" href=\"https:\/\/www.carmedeolazabal.cat\/es\/blog\/la-fotografia-una-filosofia-llena-de-arte\/#la-fotografia-en-momentos-importantes\" >La fotograf\u00eda en momentos importantes<\/a><\/li><li class='ez-toc-page-1 ez-toc-heading-level-2'><a class=\"ez-toc-link ez-toc-heading-3\" href=\"https:\/\/www.carmedeolazabal.cat\/es\/blog\/la-fotografia-una-filosofia-llena-de-arte\/#experiencias-fotograficas\" >Experiencias fotogr\u00e1ficas<\/a><\/li><\/ul><\/nav><\/div>\n\n<p>Cuando pensamos y hablamos sobre fotograf\u00eda lo primero que se nos viene a la cabeza es la imagen de una c\u00e1mara, una fotograf\u00eda captando la realidad y un fot\u00f3grafo.&nbsp;\u00bfPero cu\u00e1l es el verdadero significado de esta palabra? Muchos de nosotros la describir\u00edamos como a una filosof\u00eda de vida, una terapia alternativa a las ya conocidas, una v\u00eda de escape o simplemente un estilo de vida. La fotograf\u00eda es un reto, el objetivo de capturar el mundo real y todo lo que ocurre en \u00e9l.&nbsp;<\/p>\n\n\n<div class=\"wp-block-image\">\n<figure class=\"aligncenter size-full\"><img loading=\"lazy\" decoding=\"async\" width=\"683\" height=\"1024\" src=\"https:\/\/www.carmedeolazabal.cat\/wp-content\/uploads\/2021\/04\/la-filosofia-y-el-arte-de-la-fotografia.webp\" alt=\"la filosofia y el arte de la fotografia\" class=\"wp-image-16531\" title=\"\" srcset=\"https:\/\/www.carmedeolazabal.cat\/wp-content\/uploads\/2021\/04\/la-filosofia-y-el-arte-de-la-fotografia.webp 683w, https:\/\/www.carmedeolazabal.cat\/wp-content\/uploads\/2021\/04\/la-filosofia-y-el-arte-de-la-fotografia-200x300.webp 200w\" sizes=\"auto, (max-width: 683px) 100vw, 683px\" \/><\/figure>\n<\/div>\n\n\n<h2 class=\"wp-block-heading\"><span class=\"ez-toc-section\" id=\"el-covid19-lo-ha-cambiado-todo\"><\/span>El COVID19 lo ha cambiado todo<span class=\"ez-toc-section-end\"><\/span><\/h2>\n\n\n\n<p>En los \u00faltimos a\u00f1os, las fotograf\u00edas han tenido especial importancia en nuestras vidas, sobretodo ahora, despu\u00e9s de pasar el COVID19. Ahora muchos de nosotros escogemos la fotograf\u00eda como otra forma de terapia en la que coger una c\u00e1mara de fotos sirva para buscar la magia silenciosa de lo cotidiano y sentir que reconocer la belleza en los peque\u00f1os detalles que nos rodean es reconfortante.\u00a0<\/p>\n\n\n\n<h2 class=\"wp-block-heading\"><span class=\"ez-toc-section\" id=\"la-fotografia-en-momentos-importantes\"><\/span>La fotograf\u00eda en momentos importantes<span class=\"ez-toc-section-end\"><\/span><\/h2>\n\n\n\n<p>Nos planteamos recurrir a la fotograf\u00eda cuando programamos eventos importantes para nosotros: una boda, una <a href=\"https:\/\/www.carmedeolazabal.cat\/es\/celebraciones\/comuniones-y-bautizos\/\" data-type=\"page\" data-id=\"14858\">comuni\u00f3n<\/a>, una <a href=\"https:\/\/www.carmedeolazabal.cat\/es\/sesiones-fotos\/familia-ninos\/\" data-type=\"page\" data-id=\"14873\">fotograf\u00eda en familia<\/a>, una <a href=\"https:\/\/www.carmedeolazabal.cat\/es\/celebraciones\/cumpleanos\/\" data-type=\"page\" data-id=\"14853\">fiesta de cumplea\u00f1os<\/a>, un viaje en pareja o con amigos. Fotografiamos momentos e instantes, que quedar\u00e1n en nuestra memoria, y heredar\u00e1n nuestros herederos, y que nos servir\u00e1n para no olvidarnos jam\u00e1s de la importancia de vivir y ser feliz con todo aquello que nos rodea.\u00a0<\/p>\n\n\n<div class=\"wp-block-image\">\n<figure class=\"aligncenter size-full\"><img loading=\"lazy\" decoding=\"async\" width=\"683\" height=\"1024\" src=\"https:\/\/www.carmedeolazabal.cat\/wp-content\/uploads\/2021\/04\/el-arte-de-la-fotografia.webp\" alt=\"el arte de la fotografia\" class=\"wp-image-16534\" title=\"\" srcset=\"https:\/\/www.carmedeolazabal.cat\/wp-content\/uploads\/2021\/04\/el-arte-de-la-fotografia.webp 683w, https:\/\/www.carmedeolazabal.cat\/wp-content\/uploads\/2021\/04\/el-arte-de-la-fotografia-200x300.webp 200w\" sizes=\"auto, (max-width: 683px) 100vw, 683px\" \/><\/figure>\n<\/div>\n\n\n<h2 class=\"wp-block-heading\"><span class=\"ez-toc-section\" id=\"experiencias-fotograficas\"><\/span>Experiencias fotogr\u00e1ficas<span class=\"ez-toc-section-end\"><\/span><\/h2>\n\n\n\n<p>La fotograf\u00eda sirve para redescubrirnos a nosotros mismos. Parar el tiempo en una sola captura para a\u00f1adir un significado y un valor plenamente especial a ese momento determinado. <\/p>\n\n\n\n<p>Aqu\u00ed es cuando entra en juego las llamadas experiencias fotogr\u00e1ficas. \u00bfQue son? \u00bfPara que sirven? \u00bfVale la pena invertir en eso?\u00a0Muchas son las dudas que se nos pasan por la cabeza al pensar en ello y que muchas veces hacen que pensemos demasiado para acabar por no llevarlas a cabo, pero la respuesta suele ser siempre la misma: No te lo pienses dos veces y ad\u00e9ntrate en esta experiencia incre\u00edble inmersa de emociones, sentimientos, risas&#8230; porque cr\u00e9eme, vale la pena.\u00a0<\/p>\n\n\n\n<p>Disfrutar de una experiencia fotogr\u00e1fica es totalmente recomendable, es m\u00e1s, en el momento en que pisas por primera vez el estudio fotogr\u00e1fico ya estas disfrutando como un ni\u00f1o peque\u00f1o. Nervios, emoci\u00f3n\u2026son algunas de las emociones que sentimos en ese momento y que, sin darnos cuenta, nos sentimos exactamente igual que de ni\u00f1os. Hay momentos que nos causaban nervios, emoci\u00f3n, felicidad porque para nosotros eran experiencias nuevas y \u00fanicas que quedar\u00edan en nuestro recuerdo para siempre.&nbsp;<\/p>\n\n\n<div class=\"wp-block-image\">\n<figure class=\"aligncenter size-full\"><img loading=\"lazy\" decoding=\"async\" width=\"683\" height=\"1024\" src=\"https:\/\/www.carmedeolazabal.cat\/wp-content\/uploads\/2021\/04\/la-fotografia-es-un-arte.webp\" alt=\"la fotografia es un arte\" class=\"wp-image-16536\" title=\"\" srcset=\"https:\/\/www.carmedeolazabal.cat\/wp-content\/uploads\/2021\/04\/la-fotografia-es-un-arte.webp 683w, https:\/\/www.carmedeolazabal.cat\/wp-content\/uploads\/2021\/04\/la-fotografia-es-un-arte-200x300.webp 200w\" sizes=\"auto, (max-width: 683px) 100vw, 683px\" \/><\/figure>\n<\/div>\n\n\n<p>Regalaros una sesi\u00f3n de fotos en Sant Cugat para compartir con los vuestros y conservar siempre el recuerdo de este momento. Nunca se sabe lo que puede pasar ma\u00f1ana, y la fotograf\u00eda llenar\u00e1 el \u00e1lbum de vuestra historia de preciosas im\u00e1genes.\u00a0<\/p>\n","protected":false},"excerpt":{"rendered":"<p>Cuando pensamos y hablamos sobre fotograf\u00eda lo primero que se nos viene a la cabeza es la imagen de una c\u00e1mara, una fotograf\u00eda captando la [&hellip;]<\/p>\n","protected":false},"author":5,"featured_media":16080,"comment_status":"closed","ping_status":"closed","sticky":false,"template":"","format":"standard","meta":{"_uag_custom_page_level_css":"","_joinchat":[],"footnotes":""},"categories":[2],"tags":[],"class_list":["post-14630","post","type-post","status-publish","format-standard","has-post-thumbnail","hentry","category-noticias"],"uagb_featured_image_src":{"full":["https:\/\/www.carmedeolazabal.cat\/wp-content\/uploads\/2024\/06\/la-filosofia-arte-fotografia.webp",900,600,false],"thumbnail":["https:\/\/www.carmedeolazabal.cat\/wp-content\/uploads\/2024\/06\/la-filosofia-arte-fotografia-150x150.webp",150,150,true],"medium":["https:\/\/www.carmedeolazabal.cat\/wp-content\/uploads\/2024\/06\/la-filosofia-arte-fotografia-300x200.webp",300,200,true],"medium_large":["https:\/\/www.carmedeolazabal.cat\/wp-content\/uploads\/2024\/06\/la-filosofia-arte-fotografia-768x512.webp",768,512,true],"large":["https:\/\/www.carmedeolazabal.cat\/wp-content\/uploads\/2024\/06\/la-filosofia-arte-fotografia.webp",900,600,false],"1536x1536":["https:\/\/www.carmedeolazabal.cat\/wp-content\/uploads\/2024\/06\/la-filosofia-arte-fotografia.webp",900,600,false],"2048x2048":["https:\/\/www.carmedeolazabal.cat\/wp-content\/uploads\/2024\/06\/la-filosofia-arte-fotografia.webp",900,600,false],"ultp_layout_landscape_large":["https:\/\/www.carmedeolazabal.cat\/wp-content\/uploads\/2024\/06\/la-filosofia-arte-fotografia.webp",900,600,false],"ultp_layout_landscape":["https:\/\/www.carmedeolazabal.cat\/wp-content\/uploads\/2024\/06\/la-filosofia-arte-fotografia.webp",855,570,false],"ultp_layout_portrait":["https:\/\/www.carmedeolazabal.cat\/wp-content\/uploads\/2024\/06\/la-filosofia-arte-fotografia.webp",600,400,false],"ultp_layout_square":["https:\/\/www.carmedeolazabal.cat\/wp-content\/uploads\/2024\/06\/la-filosofia-arte-fotografia.webp",600,400,false],"authorship-box-avatar":["https:\/\/www.carmedeolazabal.cat\/wp-content\/uploads\/2024\/06\/la-filosofia-arte-fotografia.webp",150,100,false],"authorship-box-related":["https:\/\/www.carmedeolazabal.cat\/wp-content\/uploads\/2024\/06\/la-filosofia-arte-fotografia.webp",70,47,false],"post-thumbnail":["https:\/\/www.carmedeolazabal.cat\/wp-content\/uploads\/2024\/06\/la-filosofia-arte-fotografia.webp",900,600,false],"getwid_base-cropped":["https:\/\/www.carmedeolazabal.cat\/wp-content\/uploads\/2024\/06\/la-filosofia-arte-fotografia-900x552.webp",900,552,true],"getwid_base-large":["https:\/\/www.carmedeolazabal.cat\/wp-content\/uploads\/2024\/06\/la-filosofia-arte-fotografia.webp",900,600,false]},"uagb_author_info":{"display_name":"Carme De Olazabal","author_link":"https:\/\/www.carmedeolazabal.cat\/es\/author\/carme\/"},"uagb_comment_info":0,"uagb_excerpt":"Cuando pensamos y hablamos sobre fotograf\u00eda lo primero que se nos viene a la cabeza es la imagen de una c\u00e1mara, una fotograf\u00eda captando la [&hellip;]","rttpg_featured_image_url":{"full":["https:\/\/www.carmedeolazabal.cat\/wp-content\/uploads\/2024\/06\/la-filosofia-arte-fotografia.webp",900,600,false],"landscape":["https:\/\/www.carmedeolazabal.cat\/wp-content\/uploads\/2024\/06\/la-filosofia-arte-fotografia.webp",900,600,false],"portraits":["https:\/\/www.carmedeolazabal.cat\/wp-content\/uploads\/2024\/06\/la-filosofia-arte-fotografia.webp",900,600,false],"thumbnail":["https:\/\/www.carmedeolazabal.cat\/wp-content\/uploads\/2024\/06\/la-filosofia-arte-fotografia-150x150.webp",150,150,true],"medium":["https:\/\/www.carmedeolazabal.cat\/wp-content\/uploads\/2024\/06\/la-filosofia-arte-fotografia-300x200.webp",300,200,true],"large":["https:\/\/www.carmedeolazabal.cat\/wp-content\/uploads\/2024\/06\/la-filosofia-arte-fotografia.webp",900,600,false],"1536x1536":["https:\/\/www.carmedeolazabal.cat\/wp-content\/uploads\/2024\/06\/la-filosofia-arte-fotografia.webp",900,600,false],"2048x2048":["https:\/\/www.carmedeolazabal.cat\/wp-content\/uploads\/2024\/06\/la-filosofia-arte-fotografia.webp",900,600,false],"ultp_layout_landscape_large":["https:\/\/www.carmedeolazabal.cat\/wp-content\/uploads\/2024\/06\/la-filosofia-arte-fotografia.webp",900,600,false],"ultp_layout_landscape":["https:\/\/www.carmedeolazabal.cat\/wp-content\/uploads\/2024\/06\/la-filosofia-arte-fotografia.webp",855,570,false],"ultp_layout_portrait":["https:\/\/www.carmedeolazabal.cat\/wp-content\/uploads\/2024\/06\/la-filosofia-arte-fotografia.webp",600,400,false],"ultp_layout_square":["https:\/\/www.carmedeolazabal.cat\/wp-content\/uploads\/2024\/06\/la-filosofia-arte-fotografia.webp",600,400,false],"authorship-box-avatar":["https:\/\/www.carmedeolazabal.cat\/wp-content\/uploads\/2024\/06\/la-filosofia-arte-fotografia.webp",150,100,false],"authorship-box-related":["https:\/\/www.carmedeolazabal.cat\/wp-content\/uploads\/2024\/06\/la-filosofia-arte-fotografia.webp",70,47,false],"post-thumbnail":["https:\/\/www.carmedeolazabal.cat\/wp-content\/uploads\/2024\/06\/la-filosofia-arte-fotografia.webp",900,600,false],"getwid_base-cropped":["https:\/\/www.carmedeolazabal.cat\/wp-content\/uploads\/2024\/06\/la-filosofia-arte-fotografia-900x552.webp",900,552,true],"getwid_base-large":["https:\/\/www.carmedeolazabal.cat\/wp-content\/uploads\/2024\/06\/la-filosofia-arte-fotografia.webp",900,600,false]},"rttpg_author":{"display_name":"Carme De Olazabal","author_link":"https:\/\/www.carmedeolazabal.cat\/es\/author\/carme\/"},"rttpg_comment":0,"rttpg_category":"<a href=\"https:\/\/www.carmedeolazabal.cat\/es\/noticias\/\" rel=\"category tag\">blog<\/a>","rttpg_excerpt":"Cuando pensamos y hablamos sobre fotograf\u00eda lo primero que se nos viene a la cabeza es la imagen de una c\u00e1mara, una fotograf\u00eda captando la [&hellip;]","_links":{"self":[{"href":"https:\/\/www.carmedeolazabal.cat\/es\/wp-json\/wp\/v2\/posts\/14630","targetHints":{"allow":["GET"]}}],"collection":[{"href":"https:\/\/www.carmedeolazabal.cat\/es\/wp-json\/wp\/v2\/posts"}],"about":[{"href":"https:\/\/www.carmedeolazabal.cat\/es\/wp-json\/wp\/v2\/types\/post"}],"author":[{"embeddable":true,"href":"https:\/\/www.carmedeolazabal.cat\/es\/wp-json\/wp\/v2\/users\/5"}],"replies":[{"embeddable":true,"href":"https:\/\/www.carmedeolazabal.cat\/es\/wp-json\/wp\/v2\/comments?post=14630"}],"version-history":[{"count":6,"href":"https:\/\/www.carmedeolazabal.cat\/es\/wp-json\/wp\/v2\/posts\/14630\/revisions"}],"predecessor-version":[{"id":17773,"href":"https:\/\/www.carmedeolazabal.cat\/es\/wp-json\/wp\/v2\/posts\/14630\/revisions\/17773"}],"wp:featuredmedia":[{"embeddable":true,"href":"https:\/\/www.carmedeolazabal.cat\/es\/wp-json\/wp\/v2\/media\/16080"}],"wp:attachment":[{"href":"https:\/\/www.carmedeolazabal.cat\/es\/wp-json\/wp\/v2\/media?parent=14630"}],"wp:term":[{"taxonomy":"category","embeddable":true,"href":"https:\/\/www.carmedeolazabal.cat\/es\/wp-json\/wp\/v2\/categories?post=14630"},{"taxonomy":"post_tag","embeddable":true,"href":"https:\/\/www.carmedeolazabal.cat\/es\/wp-json\/wp\/v2\/tags?post=14630"}],"curies":[{"name":"wp","href":"https:\/\/api.w.org\/{rel}","templated":true}]}}